{"id":51949,"date":"2026-09-06T17:09:08","date_gmt":"2026-09-06T20:09:08","guid":{"rendered":"http:\/\/fmdelpueblo.ar\/?p=51949"},"modified":"2026-09-06T17:09:08","modified_gmt":"2026-09-06T20:09:08","slug":"mauricio-macri-juega-a-dos-puntas-negocia-con-los-milei-mientras-deja-correr-a-un-candidato-propio-para-2027","status":"publish","type":"post","link":"https:\/\/fmdelpueblo.ar\/?p=51949","title":{"rendered":"Mauricio Macri juega a dos puntas: negocia con los Milei, mientras deja correr a un candidato propio para 2027"},"content":{"rendered":"<p>El expresidente aval\u00f3 los contactos para que el PRO busque un acuerdo electoral con el Gobierno.Pero en paralelo, su \u00faltimo ministro de Econom\u00eda se lanz\u00f3 para la pelea nacional. Sugestivo silencio por Malvinas.<\/p>","protected":false},"excerpt":{"rendered":"<p>El expresidente aval\u00f3 los contactos para que el PRO busque un acuerdo electoral con el Gobierno.Pero en paralelo, su \u00faltimo ministro de Econom\u00eda se lanz\u00f3 para la pelea nacional. Sugestivo silencio por Malvinas.<\/p>\n","protected":false},"author":0,"featured_media":0,"comment_status":"","ping_status":"","sticky":false,"template":"","format":"standard","meta":{"footnotes":""},"categories":[1],"tags":[],"class_list":["post-51949","post","type-post","status-publish","format-standard","has-post-thumbnail","hentry","category-sin-categoria"],"_links":{"self":[{"href":"https:\/\/fmdelpueblo.ar\/index.php?rest_route=\/wp\/v2\/posts\/51949","targetHints":{"allow":["GET"]}}],"collection":[{"href":"https:\/\/fmdelpueblo.ar\/index.php?rest_route=\/wp\/v2\/posts"}],"about":[{"href":"https:\/\/fmdelpueblo.ar\/index.php?rest_route=\/wp\/v2\/types\/post"}],"replies":[{"embeddable":true,"href":"https:\/\/fmdelpueblo.ar\/index.php?rest_route=%2Fwp%2Fv2%2Fcomments&post=51949"}],"version-history":[{"count":0,"href":"https:\/\/fmdelpueblo.ar\/index.php?rest_route=\/wp\/v2\/posts\/51949\/revisions"}],"wp:attachment":[{"href":"https:\/\/fmdelpueblo.ar\/index.php?rest_route=%2Fwp%2Fv2%2Fmedia&parent=51949"}],"wp:term":[{"taxonomy":"category","embeddable":true,"href":"https:\/\/fmdelpueblo.ar\/index.php?rest_route=%2Fwp%2Fv2%2Fcategories&post=51949"},{"taxonomy":"post_tag","embeddable":true,"href":"https:\/\/fmdelpueblo.ar\/index.php?rest_route=%2Fwp%2Fv2%2Ftags&post=51949"}],"curies":[{"name":"wp","href":"https:\/\/api.w.org\/{rel}","templated":true}]}}