{"id":51942,"date":"2026-09-06T17:09:04","date_gmt":"2026-09-06T20:09:04","guid":{"rendered":"http:\/\/fmdelpueblo.ar\/?p=51942"},"modified":"2026-09-06T17:09:04","modified_gmt":"2026-09-06T20:09:04","slug":"asi-quedo-el-avion-de-carga-de-amazon-que-despisto-en-el-aeropuerto-de-miami","status":"publish","type":"post","link":"https:\/\/fmdelpueblo.ar\/?p=51942","title":{"rendered":"As\u00ed qued\u00f3 el avi\u00f3n de carga de Amazon que despist\u00f3 en el Aeropuerto de Miami"},"content":{"rendered":"<p>La situaci\u00f3n deriv\u00f3 en una suspensi\u00f3n temporal de la actividad en la terminar a\u00e9rea.Videos de testigos muestran a la aeronave detenida fuera de la zona habitual y envuelta en una columna de humo.<\/p>","protected":false},"excerpt":{"rendered":"<p>La situaci\u00f3n deriv\u00f3 en una suspensi\u00f3n temporal de la actividad en la terminar a\u00e9rea.Videos de testigos muestran a la aeronave detenida fuera de la zona habitual y envuelta en una columna de humo.<\/p>\n","protected":false},"author":0,"featured_media":0,"comment_status":"","ping_status":"","sticky":false,"template":"","format":"standard","meta":{"footnotes":""},"categories":[1],"tags":[],"class_list":["post-51942","post","type-post","status-publish","format-standard","has-post-thumbnail","hentry","category-sin-categoria"],"_links":{"self":[{"href":"https:\/\/fmdelpueblo.ar\/index.php?rest_route=\/wp\/v2\/posts\/51942","targetHints":{"allow":["GET"]}}],"collection":[{"href":"https:\/\/fmdelpueblo.ar\/index.php?rest_route=\/wp\/v2\/posts"}],"about":[{"href":"https:\/\/fmdelpueblo.ar\/index.php?rest_route=\/wp\/v2\/types\/post"}],"replies":[{"embeddable":true,"href":"https:\/\/fmdelpueblo.ar\/index.php?rest_route=%2Fwp%2Fv2%2Fcomments&post=51942"}],"version-history":[{"count":0,"href":"https:\/\/fmdelpueblo.ar\/index.php?rest_route=\/wp\/v2\/posts\/51942\/revisions"}],"wp:attachment":[{"href":"https:\/\/fmdelpueblo.ar\/index.php?rest_route=%2Fwp%2Fv2%2Fmedia&parent=51942"}],"wp:term":[{"taxonomy":"category","embeddable":true,"href":"https:\/\/fmdelpueblo.ar\/index.php?rest_route=%2Fwp%2Fv2%2Fcategories&post=51942"},{"taxonomy":"post_tag","embeddable":true,"href":"https:\/\/fmdelpueblo.ar\/index.php?rest_route=%2Fwp%2Fv2%2Ftags&post=51942"}],"curies":[{"name":"wp","href":"https:\/\/api.w.org\/{rel}","templated":true}]}}