{"id":51930,"date":"2026-09-06T14:09:00","date_gmt":"2026-09-06T17:09:00","guid":{"rendered":"https:\/\/fmdelpueblo.ar\/?p=51930"},"modified":"2026-09-06T14:09:00","modified_gmt":"2026-09-06T17:09:00","slug":"dreame-eligio-a-cristiano-ronaldo-como-embajador-y-se-reivindica-como-referente-de-tecnologia-para-el-hogar-no-nos-conformamos-con-ser-los-numero-1-en-europa-queremos-estar-en-el-top-mundial","status":"publish","type":"post","link":"https:\/\/fmdelpueblo.ar\/?p=51930","title":{"rendered":"Dreame eligi\u00f3 a Cristiano Ronaldo como embajador y se reivindica como referente de tecnolog\u00eda para el hogar: \u00abNo nos conformamos con ser los n\u00famero 1 en Europa, queremos estar en el top mundial\u00bb"},"content":{"rendered":"<p>La tecnol\u00f3gica china aprovech\u00f3 IFA Berl\u00edn 2026 para exhibir sus nuevos robots aspiradores y otros dispositivos del hogar. El fichaje de CR7 como embajador simboliza la ambici\u00f3n de la marca.<\/p>","protected":false},"excerpt":{"rendered":"<p>La tecnol\u00f3gica china aprovech\u00f3 IFA Berl\u00edn 2026 para exhibir sus nuevos robots aspiradores y otros dispositivos del hogar. El fichaje de CR7 como embajador simboliza la ambici\u00f3n de la marca.<\/p>\n","protected":false},"author":0,"featured_media":0,"comment_status":"","ping_status":"","sticky":false,"template":"","format":"standard","meta":{"footnotes":""},"categories":[1],"tags":[],"class_list":["post-51930","post","type-post","status-publish","format-standard","has-post-thumbnail","hentry","category-sin-categoria"],"_links":{"self":[{"href":"https:\/\/fmdelpueblo.ar\/index.php?rest_route=\/wp\/v2\/posts\/51930","targetHints":{"allow":["GET"]}}],"collection":[{"href":"https:\/\/fmdelpueblo.ar\/index.php?rest_route=\/wp\/v2\/posts"}],"about":[{"href":"https:\/\/fmdelpueblo.ar\/index.php?rest_route=\/wp\/v2\/types\/post"}],"replies":[{"embeddable":true,"href":"https:\/\/fmdelpueblo.ar\/index.php?rest_route=%2Fwp%2Fv2%2Fcomments&post=51930"}],"version-history":[{"count":0,"href":"https:\/\/fmdelpueblo.ar\/index.php?rest_route=\/wp\/v2\/posts\/51930\/revisions"}],"wp:attachment":[{"href":"https:\/\/fmdelpueblo.ar\/index.php?rest_route=%2Fwp%2Fv2%2Fmedia&parent=51930"}],"wp:term":[{"taxonomy":"category","embeddable":true,"href":"https:\/\/fmdelpueblo.ar\/index.php?rest_route=%2Fwp%2Fv2%2Fcategories&post=51930"},{"taxonomy":"post_tag","embeddable":true,"href":"https:\/\/fmdelpueblo.ar\/index.php?rest_route=%2Fwp%2Fv2%2Ftags&post=51930"}],"curies":[{"name":"wp","href":"https:\/\/api.w.org\/{rel}","templated":true}]}}