{"id":51929,"date":"2026-09-06T14:08:59","date_gmt":"2026-09-06T17:08:59","guid":{"rendered":"https:\/\/fmdelpueblo.ar\/?p=51929"},"modified":"2026-09-06T14:08:59","modified_gmt":"2026-09-06T17:08:59","slug":"tras-los-rumores-sobre-su-estado-de-salud-raul-castro-reaparecio-a-los-95-anos-en-un-acto-militar-en-cuba","status":"publish","type":"post","link":"https:\/\/fmdelpueblo.ar\/?p=51929","title":{"rendered":"Tras los rumores sobre su estado de salud, Ra\u00fal Castro reapareci\u00f3 a los 95 a\u00f1os en un acto militar en Cuba"},"content":{"rendered":"<p>El hermano de Fidel Castro volvi\u00f3 a aparecer en p\u00fablico junto al presidente Miguel D\u00edaz-Canel.<\/p>","protected":false},"excerpt":{"rendered":"<p>El hermano de Fidel Castro volvi\u00f3 a aparecer en p\u00fablico junto al presidente Miguel D\u00edaz-Canel.<\/p>\n","protected":false},"author":0,"featured_media":0,"comment_status":"","ping_status":"","sticky":false,"template":"","format":"standard","meta":{"footnotes":""},"categories":[1],"tags":[],"class_list":["post-51929","post","type-post","status-publish","format-standard","has-post-thumbnail","hentry","category-sin-categoria"],"_links":{"self":[{"href":"https:\/\/fmdelpueblo.ar\/index.php?rest_route=\/wp\/v2\/posts\/51929","targetHints":{"allow":["GET"]}}],"collection":[{"href":"https:\/\/fmdelpueblo.ar\/index.php?rest_route=\/wp\/v2\/posts"}],"about":[{"href":"https:\/\/fmdelpueblo.ar\/index.php?rest_route=\/wp\/v2\/types\/post"}],"replies":[{"embeddable":true,"href":"https:\/\/fmdelpueblo.ar\/index.php?rest_route=%2Fwp%2Fv2%2Fcomments&post=51929"}],"version-history":[{"count":0,"href":"https:\/\/fmdelpueblo.ar\/index.php?rest_route=\/wp\/v2\/posts\/51929\/revisions"}],"wp:attachment":[{"href":"https:\/\/fmdelpueblo.ar\/index.php?rest_route=%2Fwp%2Fv2%2Fmedia&parent=51929"}],"wp:term":[{"taxonomy":"category","embeddable":true,"href":"https:\/\/fmdelpueblo.ar\/index.php?rest_route=%2Fwp%2Fv2%2Fcategories&post=51929"},{"taxonomy":"post_tag","embeddable":true,"href":"https:\/\/fmdelpueblo.ar\/index.php?rest_route=%2Fwp%2Fv2%2Ftags&post=51929"}],"curies":[{"name":"wp","href":"https:\/\/api.w.org\/{rel}","templated":true}]}}