{"id":51926,"date":"2026-09-06T14:08:58","date_gmt":"2026-09-06T17:08:58","guid":{"rendered":"https:\/\/fmdelpueblo.ar\/?p=51926"},"modified":"2026-09-06T14:08:58","modified_gmt":"2026-09-06T17:08:58","slug":"bad-bunny-gano-su-primer-emmy-gracias-a-su-espectaculo-de-medio-tiempo-del-super-bowl","status":"publish","type":"post","link":"https:\/\/fmdelpueblo.ar\/?p=51926","title":{"rendered":"Bad Bunny gan\u00f3 su primer Emmy gracias a su espect\u00e1culo de medio tiempo del Super Bowl"},"content":{"rendered":"<p>En la entrega de los premios t\u00e9cnicos y creativos, que se realizan una semana antes que los principales, el show del m\u00fasico (que no estuvo presente) se alz\u00f3 con<strong> siete estatuillas<\/strong>.La actriz <strong>Mariska Hargitay<\/strong>, que conducir\u00e1 la ceremonia central del lunes 14, recibi\u00f3 dos estatuillas por el documental sobre su madre, Jayne Mansfield.Los ganadores del s\u00e1bado.<\/p>","protected":false},"excerpt":{"rendered":"<p>En la entrega de los premios t\u00e9cnicos y creativos, que se realizan una semana antes que los principales, el show del m\u00fasico (que no estuvo presente) se alz\u00f3 con siete estatuillas.La actriz Mariska Hargitay, que conducir\u00e1 la ceremonia central del lunes 14, recibi\u00f3 dos estatuillas por el documental sobre su madre, Jayne Mansfield.Los ganadores del [&hellip;]<\/p>\n","protected":false},"author":0,"featured_media":0,"comment_status":"","ping_status":"","sticky":false,"template":"","format":"standard","meta":{"footnotes":""},"categories":[1],"tags":[],"class_list":["post-51926","post","type-post","status-publish","format-standard","has-post-thumbnail","hentry","category-sin-categoria"],"_links":{"self":[{"href":"https:\/\/fmdelpueblo.ar\/index.php?rest_route=\/wp\/v2\/posts\/51926","targetHints":{"allow":["GET"]}}],"collection":[{"href":"https:\/\/fmdelpueblo.ar\/index.php?rest_route=\/wp\/v2\/posts"}],"about":[{"href":"https:\/\/fmdelpueblo.ar\/index.php?rest_route=\/wp\/v2\/types\/post"}],"replies":[{"embeddable":true,"href":"https:\/\/fmdelpueblo.ar\/index.php?rest_route=%2Fwp%2Fv2%2Fcomments&post=51926"}],"version-history":[{"count":0,"href":"https:\/\/fmdelpueblo.ar\/index.php?rest_route=\/wp\/v2\/posts\/51926\/revisions"}],"wp:attachment":[{"href":"https:\/\/fmdelpueblo.ar\/index.php?rest_route=%2Fwp%2Fv2%2Fmedia&parent=51926"}],"wp:term":[{"taxonomy":"category","embeddable":true,"href":"https:\/\/fmdelpueblo.ar\/index.php?rest_route=%2Fwp%2Fv2%2Fcategories&post=51926"},{"taxonomy":"post_tag","embeddable":true,"href":"https:\/\/fmdelpueblo.ar\/index.php?rest_route=%2Fwp%2Fv2%2Ftags&post=51926"}],"curies":[{"name":"wp","href":"https:\/\/api.w.org\/{rel}","templated":true}]}}