{"id":51925,"date":"2026-09-06T14:08:57","date_gmt":"2026-09-06T17:08:57","guid":{"rendered":"https:\/\/fmdelpueblo.ar\/?p=51925"},"modified":"2026-09-06T14:08:57","modified_gmt":"2026-09-06T17:08:57","slug":"cuando-veia-luz-gritaba-el-dramatico-testimonio-de-un-trabajador-chino-que-estuvo-11-dias-atrapado-en-un-tunel-por-la-riada-de-nepal","status":"publish","type":"post","link":"https:\/\/fmdelpueblo.ar\/?p=51925","title":{"rendered":"\u00abCuando ve\u00eda luz, gritaba\u00bb: el dram\u00e1tico testimonio de un trabajador chino que estuvo 11 d\u00edas atrapado en un t\u00fanel por la riada de Nepal"},"content":{"rendered":"<p>Qued\u00f3 encerrado en un t\u00fanel de la hidroel\u00e9ctrica donde trabajaba.Los equipos de rescate tambi\u00e9n salvaron a una mujer de 64 a\u00f1os que hab\u00eda quedado bajo el lodo en su casa.<\/p>","protected":false},"excerpt":{"rendered":"<p>Qued\u00f3 encerrado en un t\u00fanel de la hidroel\u00e9ctrica donde trabajaba.Los equipos de rescate tambi\u00e9n salvaron a una mujer de 64 a\u00f1os que hab\u00eda quedado bajo el lodo en su casa.<\/p>\n","protected":false},"author":0,"featured_media":0,"comment_status":"","ping_status":"","sticky":false,"template":"","format":"standard","meta":{"footnotes":""},"categories":[1],"tags":[],"class_list":["post-51925","post","type-post","status-publish","format-standard","has-post-thumbnail","hentry","category-sin-categoria"],"_links":{"self":[{"href":"https:\/\/fmdelpueblo.ar\/index.php?rest_route=\/wp\/v2\/posts\/51925","targetHints":{"allow":["GET"]}}],"collection":[{"href":"https:\/\/fmdelpueblo.ar\/index.php?rest_route=\/wp\/v2\/posts"}],"about":[{"href":"https:\/\/fmdelpueblo.ar\/index.php?rest_route=\/wp\/v2\/types\/post"}],"replies":[{"embeddable":true,"href":"https:\/\/fmdelpueblo.ar\/index.php?rest_route=%2Fwp%2Fv2%2Fcomments&post=51925"}],"version-history":[{"count":0,"href":"https:\/\/fmdelpueblo.ar\/index.php?rest_route=\/wp\/v2\/posts\/51925\/revisions"}],"wp:attachment":[{"href":"https:\/\/fmdelpueblo.ar\/index.php?rest_route=%2Fwp%2Fv2%2Fmedia&parent=51925"}],"wp:term":[{"taxonomy":"category","embeddable":true,"href":"https:\/\/fmdelpueblo.ar\/index.php?rest_route=%2Fwp%2Fv2%2Fcategories&post=51925"},{"taxonomy":"post_tag","embeddable":true,"href":"https:\/\/fmdelpueblo.ar\/index.php?rest_route=%2Fwp%2Fv2%2Ftags&post=51925"}],"curies":[{"name":"wp","href":"https:\/\/api.w.org\/{rel}","templated":true}]}}