{"id":51921,"date":"2026-09-06T13:09:13","date_gmt":"2026-09-06T16:09:13","guid":{"rendered":"http:\/\/fmdelpueblo.ar\/?p=51921"},"modified":"2026-09-06T13:09:13","modified_gmt":"2026-09-06T16:09:13","slug":"mas-de-140-muertos-en-combates-entre-rebeldes-huties-y-ejercito-de-yemen","status":"publish","type":"post","link":"https:\/\/fmdelpueblo.ar\/?p=51921","title":{"rendered":"M\u00e1s de 140 muertos en combates entre rebeldes hut\u00edes y ej\u00e9rcito de Yemen"},"content":{"rendered":"<p>M\u00e1s de 140 combatientes murieron en choques entre fuerzas yemen\u00edes y hut\u00edes tras el colapso del alto el fuego en julio. Los enfrentamientos se centran en el acceso al mar Rojo.Los rebeldes buscan controlar Moca y Bab el Mandeb, crucial para el petr\u00f3leo saudita. Las hostilidades han dejado m\u00e1s de 300 muertos desde el jueves.<\/p>","protected":false},"excerpt":{"rendered":"<p>M\u00e1s de 140 combatientes murieron en choques entre fuerzas yemen\u00edes y hut\u00edes tras el colapso del alto el fuego en julio. Los enfrentamientos se centran en el acceso al mar Rojo.Los rebeldes buscan controlar Moca y Bab el Mandeb, crucial para el petr\u00f3leo saudita. Las hostilidades han dejado m\u00e1s de 300 muertos desde el jueves.<\/p>\n","protected":false},"author":0,"featured_media":0,"comment_status":"","ping_status":"","sticky":false,"template":"","format":"standard","meta":{"footnotes":""},"categories":[1],"tags":[],"class_list":["post-51921","post","type-post","status-publish","format-standard","has-post-thumbnail","hentry","category-sin-categoria"],"_links":{"self":[{"href":"https:\/\/fmdelpueblo.ar\/index.php?rest_route=\/wp\/v2\/posts\/51921","targetHints":{"allow":["GET"]}}],"collection":[{"href":"https:\/\/fmdelpueblo.ar\/index.php?rest_route=\/wp\/v2\/posts"}],"about":[{"href":"https:\/\/fmdelpueblo.ar\/index.php?rest_route=\/wp\/v2\/types\/post"}],"replies":[{"embeddable":true,"href":"https:\/\/fmdelpueblo.ar\/index.php?rest_route=%2Fwp%2Fv2%2Fcomments&post=51921"}],"version-history":[{"count":0,"href":"https:\/\/fmdelpueblo.ar\/index.php?rest_route=\/wp\/v2\/posts\/51921\/revisions"}],"wp:attachment":[{"href":"https:\/\/fmdelpueblo.ar\/index.php?rest_route=%2Fwp%2Fv2%2Fmedia&parent=51921"}],"wp:term":[{"taxonomy":"category","embeddable":true,"href":"https:\/\/fmdelpueblo.ar\/index.php?rest_route=%2Fwp%2Fv2%2Fcategories&post=51921"},{"taxonomy":"post_tag","embeddable":true,"href":"https:\/\/fmdelpueblo.ar\/index.php?rest_route=%2Fwp%2Fv2%2Ftags&post=51921"}],"curies":[{"name":"wp","href":"https:\/\/api.w.org\/{rel}","templated":true}]}}