{"id":51920,"date":"2026-09-06T13:09:12","date_gmt":"2026-09-06T16:09:12","guid":{"rendered":"http:\/\/fmdelpueblo.ar\/?p=51920"},"modified":"2026-09-06T13:09:12","modified_gmt":"2026-09-06T16:09:12","slug":"subcampeona-en-miss-mundo-2026-quien-es-elisabeth-reynes-la-espanola-que-combina-belleza-propositos-y-juventud","status":"publish","type":"post","link":"https:\/\/fmdelpueblo.ar\/?p=51920","title":{"rendered":"Subcampeona en Miss Mundo 2026: qui\u00e9n es Elisabeth Reyn\u00e9s, la espa\u00f1ola que combina belleza, prop\u00f3sitos y juventud"},"content":{"rendered":"<p>La representante de 22 a\u00f1os lleg\u00f3 a Vietnam con un perfil discreto y logr\u00f3 una hist\u00f3rica actuaci\u00f3n en el c\u00e9lebre certamen.Su recorrido en la reciente edici\u00f3n deriv\u00f3 en tres hitos in\u00e9ditos para su pa\u00eds.<\/p>","protected":false},"excerpt":{"rendered":"<p>La representante de 22 a\u00f1os lleg\u00f3 a Vietnam con un perfil discreto y logr\u00f3 una hist\u00f3rica actuaci\u00f3n en el c\u00e9lebre certamen.Su recorrido en la reciente edici\u00f3n deriv\u00f3 en tres hitos in\u00e9ditos para su pa\u00eds.<\/p>\n","protected":false},"author":0,"featured_media":0,"comment_status":"","ping_status":"","sticky":false,"template":"","format":"standard","meta":{"footnotes":""},"categories":[1],"tags":[],"class_list":["post-51920","post","type-post","status-publish","format-standard","has-post-thumbnail","hentry","category-sin-categoria"],"_links":{"self":[{"href":"https:\/\/fmdelpueblo.ar\/index.php?rest_route=\/wp\/v2\/posts\/51920","targetHints":{"allow":["GET"]}}],"collection":[{"href":"https:\/\/fmdelpueblo.ar\/index.php?rest_route=\/wp\/v2\/posts"}],"about":[{"href":"https:\/\/fmdelpueblo.ar\/index.php?rest_route=\/wp\/v2\/types\/post"}],"replies":[{"embeddable":true,"href":"https:\/\/fmdelpueblo.ar\/index.php?rest_route=%2Fwp%2Fv2%2Fcomments&post=51920"}],"version-history":[{"count":0,"href":"https:\/\/fmdelpueblo.ar\/index.php?rest_route=\/wp\/v2\/posts\/51920\/revisions"}],"wp:attachment":[{"href":"https:\/\/fmdelpueblo.ar\/index.php?rest_route=%2Fwp%2Fv2%2Fmedia&parent=51920"}],"wp:term":[{"taxonomy":"category","embeddable":true,"href":"https:\/\/fmdelpueblo.ar\/index.php?rest_route=%2Fwp%2Fv2%2Fcategories&post=51920"},{"taxonomy":"post_tag","embeddable":true,"href":"https:\/\/fmdelpueblo.ar\/index.php?rest_route=%2Fwp%2Fv2%2Ftags&post=51920"}],"curies":[{"name":"wp","href":"https:\/\/api.w.org\/{rel}","templated":true}]}}