{"id":51918,"date":"2026-09-06T13:09:11","date_gmt":"2026-09-06T16:09:11","guid":{"rendered":"http:\/\/fmdelpueblo.ar\/?p=51918"},"modified":"2026-09-06T13:09:11","modified_gmt":"2026-09-06T16:09:11","slug":"el-turco-naim-recordo-el-dia-que-casi-fue-a-buscar-a-jorge-rial-por-un-comentario-sobre-emilia-attias-se-me-salio-la-cadena","status":"publish","type":"post","link":"https:\/\/fmdelpueblo.ar\/?p=51918","title":{"rendered":"El Turco Na\u00edm record\u00f3 el d\u00eda que casi fue a buscar a Jorge Rial por un comentario sobre Emilia Attias: \u00abSe me sali\u00f3 la cadena\u00bb"},"content":{"rendered":"<p>El actor rememor\u00f3 el fuerte intercambio que protagoniz\u00f3 con el conductor al comienzo de su romance.Adem\u00e1s, cont\u00f3 c\u00f3mo reaccion\u00f3 ante una frase que consider\u00f3 despectiva y que desat\u00f3 su enojo.<\/p>","protected":false},"excerpt":{"rendered":"<p>El actor rememor\u00f3 el fuerte intercambio que protagoniz\u00f3 con el conductor al comienzo de su romance.Adem\u00e1s, cont\u00f3 c\u00f3mo reaccion\u00f3 ante una frase que consider\u00f3 despectiva y que desat\u00f3 su enojo.<\/p>\n","protected":false},"author":0,"featured_media":0,"comment_status":"","ping_status":"","sticky":false,"template":"","format":"standard","meta":{"footnotes":""},"categories":[1],"tags":[],"class_list":["post-51918","post","type-post","status-publish","format-standard","has-post-thumbnail","hentry","category-sin-categoria"],"_links":{"self":[{"href":"https:\/\/fmdelpueblo.ar\/index.php?rest_route=\/wp\/v2\/posts\/51918","targetHints":{"allow":["GET"]}}],"collection":[{"href":"https:\/\/fmdelpueblo.ar\/index.php?rest_route=\/wp\/v2\/posts"}],"about":[{"href":"https:\/\/fmdelpueblo.ar\/index.php?rest_route=\/wp\/v2\/types\/post"}],"replies":[{"embeddable":true,"href":"https:\/\/fmdelpueblo.ar\/index.php?rest_route=%2Fwp%2Fv2%2Fcomments&post=51918"}],"version-history":[{"count":0,"href":"https:\/\/fmdelpueblo.ar\/index.php?rest_route=\/wp\/v2\/posts\/51918\/revisions"}],"wp:attachment":[{"href":"https:\/\/fmdelpueblo.ar\/index.php?rest_route=%2Fwp%2Fv2%2Fmedia&parent=51918"}],"wp:term":[{"taxonomy":"category","embeddable":true,"href":"https:\/\/fmdelpueblo.ar\/index.php?rest_route=%2Fwp%2Fv2%2Fcategories&post=51918"},{"taxonomy":"post_tag","embeddable":true,"href":"https:\/\/fmdelpueblo.ar\/index.php?rest_route=%2Fwp%2Fv2%2Ftags&post=51918"}],"curies":[{"name":"wp","href":"https:\/\/api.w.org\/{rel}","templated":true}]}}