{"id":51916,"date":"2026-09-06T13:09:10","date_gmt":"2026-09-06T16:09:10","guid":{"rendered":"http:\/\/fmdelpueblo.ar\/?p=51916"},"modified":"2026-09-06T13:09:10","modified_gmt":"2026-09-06T16:09:10","slug":"franco-colapinto-lloro-por-la-frustracion-en-el-gran-premio-de-italia-tenia-una-gran-oportunidad-y-no-la-aproveche","status":"publish","type":"post","link":"https:\/\/fmdelpueblo.ar\/?p=51916","title":{"rendered":"Franco Colapinto llor\u00f3 por la frustraci\u00f3n en el Gran Premio de Italia: \u00abTen\u00eda una gran oportunidad y no la aprovech\u00e9\u00bb"},"content":{"rendered":"<p>El piloto argentino no pudo ocultar su bronca despu\u00e9s del despiste cuando estaba en el cuarto lugar.Si bien termin\u00f3 noveno y sum\u00f3 puntos, se lament\u00f3 por la oportunidad perdida.<\/p>","protected":false},"excerpt":{"rendered":"<p>El piloto argentino no pudo ocultar su bronca despu\u00e9s del despiste cuando estaba en el cuarto lugar.Si bien termin\u00f3 noveno y sum\u00f3 puntos, se lament\u00f3 por la oportunidad perdida.<\/p>\n","protected":false},"author":0,"featured_media":0,"comment_status":"","ping_status":"","sticky":false,"template":"","format":"standard","meta":{"footnotes":""},"categories":[1],"tags":[],"class_list":["post-51916","post","type-post","status-publish","format-standard","has-post-thumbnail","hentry","category-sin-categoria"],"_links":{"self":[{"href":"https:\/\/fmdelpueblo.ar\/index.php?rest_route=\/wp\/v2\/posts\/51916","targetHints":{"allow":["GET"]}}],"collection":[{"href":"https:\/\/fmdelpueblo.ar\/index.php?rest_route=\/wp\/v2\/posts"}],"about":[{"href":"https:\/\/fmdelpueblo.ar\/index.php?rest_route=\/wp\/v2\/types\/post"}],"replies":[{"embeddable":true,"href":"https:\/\/fmdelpueblo.ar\/index.php?rest_route=%2Fwp%2Fv2%2Fcomments&post=51916"}],"version-history":[{"count":0,"href":"https:\/\/fmdelpueblo.ar\/index.php?rest_route=\/wp\/v2\/posts\/51916\/revisions"}],"wp:attachment":[{"href":"https:\/\/fmdelpueblo.ar\/index.php?rest_route=%2Fwp%2Fv2%2Fmedia&parent=51916"}],"wp:term":[{"taxonomy":"category","embeddable":true,"href":"https:\/\/fmdelpueblo.ar\/index.php?rest_route=%2Fwp%2Fv2%2Fcategories&post=51916"},{"taxonomy":"post_tag","embeddable":true,"href":"https:\/\/fmdelpueblo.ar\/index.php?rest_route=%2Fwp%2Fv2%2Ftags&post=51916"}],"curies":[{"name":"wp","href":"https:\/\/api.w.org\/{rel}","templated":true}]}}