{"id":51915,"date":"2026-09-06T13:09:09","date_gmt":"2026-09-06T16:09:09","guid":{"rendered":"http:\/\/fmdelpueblo.ar\/?p=51915"},"modified":"2026-09-06T13:09:09","modified_gmt":"2026-09-06T16:09:09","slug":"a-sus-95-anos-raul-castro-reaparece-en-acto-militar","status":"publish","type":"post","link":"https:\/\/fmdelpueblo.ar\/?p=51915","title":{"rendered":"A sus 95 a\u00f1os, Ra\u00fal Castro reaparece en acto militar"},"content":{"rendered":"<p>Ra\u00fal Castro, de 95 a\u00f1os, reapareci\u00f3 en un evento militar en Cuba, tras rumores sobre su salud. No ocupa cargos oficiales, pero su presencia fue destacada.El acto conmemor\u00f3 a la Seguridad Personal, unidad clave desde la revoluci\u00f3n. La crisis energ\u00e9tica, agravada por sanciones, impacta a la poblaci\u00f3n.<\/p>","protected":false},"excerpt":{"rendered":"<p>Ra\u00fal Castro, de 95 a\u00f1os, reapareci\u00f3 en un evento militar en Cuba, tras rumores sobre su salud. No ocupa cargos oficiales, pero su presencia fue destacada.El acto conmemor\u00f3 a la Seguridad Personal, unidad clave desde la revoluci\u00f3n. La crisis energ\u00e9tica, agravada por sanciones, impacta a la poblaci\u00f3n.<\/p>\n","protected":false},"author":0,"featured_media":0,"comment_status":"","ping_status":"","sticky":false,"template":"","format":"standard","meta":{"footnotes":""},"categories":[1],"tags":[],"class_list":["post-51915","post","type-post","status-publish","format-standard","has-post-thumbnail","hentry","category-sin-categoria"],"_links":{"self":[{"href":"https:\/\/fmdelpueblo.ar\/index.php?rest_route=\/wp\/v2\/posts\/51915","targetHints":{"allow":["GET"]}}],"collection":[{"href":"https:\/\/fmdelpueblo.ar\/index.php?rest_route=\/wp\/v2\/posts"}],"about":[{"href":"https:\/\/fmdelpueblo.ar\/index.php?rest_route=\/wp\/v2\/types\/post"}],"replies":[{"embeddable":true,"href":"https:\/\/fmdelpueblo.ar\/index.php?rest_route=%2Fwp%2Fv2%2Fcomments&post=51915"}],"version-history":[{"count":0,"href":"https:\/\/fmdelpueblo.ar\/index.php?rest_route=\/wp\/v2\/posts\/51915\/revisions"}],"wp:attachment":[{"href":"https:\/\/fmdelpueblo.ar\/index.php?rest_route=%2Fwp%2Fv2%2Fmedia&parent=51915"}],"wp:term":[{"taxonomy":"category","embeddable":true,"href":"https:\/\/fmdelpueblo.ar\/index.php?rest_route=%2Fwp%2Fv2%2Fcategories&post=51915"},{"taxonomy":"post_tag","embeddable":true,"href":"https:\/\/fmdelpueblo.ar\/index.php?rest_route=%2Fwp%2Fv2%2Ftags&post=51915"}],"curies":[{"name":"wp","href":"https:\/\/api.w.org\/{rel}","templated":true}]}}