{"id":51914,"date":"2026-09-06T13:09:09","date_gmt":"2026-09-06T16:09:09","guid":{"rendered":"http:\/\/fmdelpueblo.ar\/?p=51914"},"modified":"2026-09-06T13:09:09","modified_gmt":"2026-09-06T16:09:09","slug":"conversaciones-con-kiev-fueron-significativas-y-se-prolongaran-lo-que-haga-falta-dice-witkoff","status":"publish","type":"post","link":"https:\/\/fmdelpueblo.ar\/?p=51914","title":{"rendered":"Conversaciones con Kiev fueron \u00absignificativas\u00bb y se prolongar\u00e1n \u00ablo que haga falta\u00bb, dice Witkoff"},"content":{"rendered":"<p>Representantes de EE.UU. se reunieron en Kiev con el l\u00edder ucraniano para avanzar en un plan que ponga fin al conflicto con Rusia.Tras visitar Mosc\u00fa, los enviados destacaron el progreso y la importancia de continuar con las negociaciones diplom\u00e1ticas.<\/p>","protected":false},"excerpt":{"rendered":"<p>Representantes de EE.UU. se reunieron en Kiev con el l\u00edder ucraniano para avanzar en un plan que ponga fin al conflicto con Rusia.Tras visitar Mosc\u00fa, los enviados destacaron el progreso y la importancia de continuar con las negociaciones diplom\u00e1ticas.<\/p>\n","protected":false},"author":0,"featured_media":0,"comment_status":"","ping_status":"","sticky":false,"template":"","format":"standard","meta":{"footnotes":""},"categories":[1],"tags":[],"class_list":["post-51914","post","type-post","status-publish","format-standard","has-post-thumbnail","hentry","category-sin-categoria"],"_links":{"self":[{"href":"https:\/\/fmdelpueblo.ar\/index.php?rest_route=\/wp\/v2\/posts\/51914","targetHints":{"allow":["GET"]}}],"collection":[{"href":"https:\/\/fmdelpueblo.ar\/index.php?rest_route=\/wp\/v2\/posts"}],"about":[{"href":"https:\/\/fmdelpueblo.ar\/index.php?rest_route=\/wp\/v2\/types\/post"}],"replies":[{"embeddable":true,"href":"https:\/\/fmdelpueblo.ar\/index.php?rest_route=%2Fwp%2Fv2%2Fcomments&post=51914"}],"version-history":[{"count":0,"href":"https:\/\/fmdelpueblo.ar\/index.php?rest_route=\/wp\/v2\/posts\/51914\/revisions"}],"wp:attachment":[{"href":"https:\/\/fmdelpueblo.ar\/index.php?rest_route=%2Fwp%2Fv2%2Fmedia&parent=51914"}],"wp:term":[{"taxonomy":"category","embeddable":true,"href":"https:\/\/fmdelpueblo.ar\/index.php?rest_route=%2Fwp%2Fv2%2Fcategories&post=51914"},{"taxonomy":"post_tag","embeddable":true,"href":"https:\/\/fmdelpueblo.ar\/index.php?rest_route=%2Fwp%2Fv2%2Ftags&post=51914"}],"curies":[{"name":"wp","href":"https:\/\/api.w.org\/{rel}","templated":true}]}}