{"id":51861,"date":"2026-09-06T07:09:14","date_gmt":"2026-09-06T10:09:14","guid":{"rendered":"https:\/\/fmdelpueblo.ar\/?p=51861"},"modified":"2026-09-06T07:09:14","modified_gmt":"2026-09-06T10:09:14","slug":"domingo-cavallo-mas-importante-que-baje-la-inflacion-es-que-haya-reactivacion-y-la-economia-crezca-no-al-3-sino-al-8","status":"publish","type":"post","link":"https:\/\/fmdelpueblo.ar\/?p=51861","title":{"rendered":"Domingo Cavallo: \u201cM\u00e1s importante que baje la inflaci\u00f3n es que haya reactivaci\u00f3n y la econom\u00eda crezca no al 3% sino al 8%\u201d"},"content":{"rendered":"<p>El ex ministro de Econom\u00eda insiste en que el Gobierno libere el cepo y el mercado cambiario para dinamizar m\u00e1s la actividad y evitar riesgos de cara a las elecciones de 2027. \u00abMilei tiene que recrear la esperanza de mejoramiento de la calidad de vida de las familias como hizo en 2023\u00bb.<\/p>","protected":false},"excerpt":{"rendered":"<p>El ex ministro de Econom\u00eda insiste en que el Gobierno libere el cepo y el mercado cambiario para dinamizar m\u00e1s la actividad y evitar riesgos de cara a las elecciones de 2027. \u00abMilei tiene que recrear la esperanza de mejoramiento de la calidad de vida de las familias como hizo en 2023\u00bb.<\/p>\n","protected":false},"author":0,"featured_media":0,"comment_status":"","ping_status":"","sticky":false,"template":"","format":"standard","meta":{"footnotes":""},"categories":[1],"tags":[],"class_list":["post-51861","post","type-post","status-publish","format-standard","has-post-thumbnail","hentry","category-sin-categoria"],"_links":{"self":[{"href":"https:\/\/fmdelpueblo.ar\/index.php?rest_route=\/wp\/v2\/posts\/51861","targetHints":{"allow":["GET"]}}],"collection":[{"href":"https:\/\/fmdelpueblo.ar\/index.php?rest_route=\/wp\/v2\/posts"}],"about":[{"href":"https:\/\/fmdelpueblo.ar\/index.php?rest_route=\/wp\/v2\/types\/post"}],"replies":[{"embeddable":true,"href":"https:\/\/fmdelpueblo.ar\/index.php?rest_route=%2Fwp%2Fv2%2Fcomments&post=51861"}],"version-history":[{"count":0,"href":"https:\/\/fmdelpueblo.ar\/index.php?rest_route=\/wp\/v2\/posts\/51861\/revisions"}],"wp:attachment":[{"href":"https:\/\/fmdelpueblo.ar\/index.php?rest_route=%2Fwp%2Fv2%2Fmedia&parent=51861"}],"wp:term":[{"taxonomy":"category","embeddable":true,"href":"https:\/\/fmdelpueblo.ar\/index.php?rest_route=%2Fwp%2Fv2%2Fcategories&post=51861"},{"taxonomy":"post_tag","embeddable":true,"href":"https:\/\/fmdelpueblo.ar\/index.php?rest_route=%2Fwp%2Fv2%2Ftags&post=51861"}],"curies":[{"name":"wp","href":"https:\/\/api.w.org\/{rel}","templated":true}]}}