{"id":51858,"date":"2026-09-06T07:09:12","date_gmt":"2026-09-06T10:09:12","guid":{"rendered":"https:\/\/fmdelpueblo.ar\/?p=51858"},"modified":"2026-09-06T07:09:12","modified_gmt":"2026-09-06T10:09:12","slug":"la-temporada-de-nieve-todavia-no-termino-donde-esquiar-en-septiembre-y-que-centros-siguen-abiertos-hasta-octubre","status":"publish","type":"post","link":"https:\/\/fmdelpueblo.ar\/?p=51858","title":{"rendered":"La temporada de nieve todav\u00eda no termin\u00f3: d\u00f3nde esquiar en septiembre y qu\u00e9 centros siguen abiertos hasta octubre"},"content":{"rendered":"<p>En esta \u00e9poca hay muy buena nieve y un clima m\u00e1s atractivo.Las proyecciones de cada centro de esqu\u00ed y algunos precios para tener en cuenta.<\/p>","protected":false},"excerpt":{"rendered":"<p>En esta \u00e9poca hay muy buena nieve y un clima m\u00e1s atractivo.Las proyecciones de cada centro de esqu\u00ed y algunos precios para tener en cuenta.<\/p>\n","protected":false},"author":0,"featured_media":0,"comment_status":"","ping_status":"","sticky":false,"template":"","format":"standard","meta":{"footnotes":""},"categories":[1],"tags":[],"class_list":["post-51858","post","type-post","status-publish","format-standard","has-post-thumbnail","hentry","category-sin-categoria"],"_links":{"self":[{"href":"https:\/\/fmdelpueblo.ar\/index.php?rest_route=\/wp\/v2\/posts\/51858","targetHints":{"allow":["GET"]}}],"collection":[{"href":"https:\/\/fmdelpueblo.ar\/index.php?rest_route=\/wp\/v2\/posts"}],"about":[{"href":"https:\/\/fmdelpueblo.ar\/index.php?rest_route=\/wp\/v2\/types\/post"}],"replies":[{"embeddable":true,"href":"https:\/\/fmdelpueblo.ar\/index.php?rest_route=%2Fwp%2Fv2%2Fcomments&post=51858"}],"version-history":[{"count":0,"href":"https:\/\/fmdelpueblo.ar\/index.php?rest_route=\/wp\/v2\/posts\/51858\/revisions"}],"wp:attachment":[{"href":"https:\/\/fmdelpueblo.ar\/index.php?rest_route=%2Fwp%2Fv2%2Fmedia&parent=51858"}],"wp:term":[{"taxonomy":"category","embeddable":true,"href":"https:\/\/fmdelpueblo.ar\/index.php?rest_route=%2Fwp%2Fv2%2Fcategories&post=51858"},{"taxonomy":"post_tag","embeddable":true,"href":"https:\/\/fmdelpueblo.ar\/index.php?rest_route=%2Fwp%2Fv2%2Ftags&post=51858"}],"curies":[{"name":"wp","href":"https:\/\/api.w.org\/{rel}","templated":true}]}}