{"id":51852,"date":"2026-09-06T07:09:09","date_gmt":"2026-09-06T10:09:09","guid":{"rendered":"https:\/\/fmdelpueblo.ar\/?p=51852"},"modified":"2026-09-06T07:09:09","modified_gmt":"2026-09-06T10:09:09","slug":"la-heroica-resistencia-de-los-libreros-para-sortear-la-censura-de-la-dictadura","status":"publish","type":"post","link":"https:\/\/fmdelpueblo.ar\/?p=51852","title":{"rendered":"La heroica resistencia de los libreros para sortear la censura de la Dictadura"},"content":{"rendered":"<p>En esos a\u00f1os, fue importante la tarea de muchos libreros que en medio del terror y la censura siguieron proveyendo a sus clientes de libros. Los recuerdos de Horacio Tarkus, H\u00e9ctor Y\u00e1nover y Osvaldo Bayer. En ese per\u00edodo la industria del libro cay\u00f3 y muchos libros fueron prohibidos.<\/p>","protected":false},"excerpt":{"rendered":"<p>En esos a\u00f1os, fue importante la tarea de muchos libreros que en medio del terror y la censura siguieron proveyendo a sus clientes de libros. Los recuerdos de Horacio Tarkus, H\u00e9ctor Y\u00e1nover y Osvaldo Bayer. En ese per\u00edodo la industria del libro cay\u00f3 y muchos libros fueron prohibidos.<\/p>\n","protected":false},"author":0,"featured_media":0,"comment_status":"","ping_status":"","sticky":false,"template":"","format":"standard","meta":{"footnotes":""},"categories":[1],"tags":[],"class_list":["post-51852","post","type-post","status-publish","format-standard","has-post-thumbnail","hentry","category-sin-categoria"],"_links":{"self":[{"href":"https:\/\/fmdelpueblo.ar\/index.php?rest_route=\/wp\/v2\/posts\/51852","targetHints":{"allow":["GET"]}}],"collection":[{"href":"https:\/\/fmdelpueblo.ar\/index.php?rest_route=\/wp\/v2\/posts"}],"about":[{"href":"https:\/\/fmdelpueblo.ar\/index.php?rest_route=\/wp\/v2\/types\/post"}],"replies":[{"embeddable":true,"href":"https:\/\/fmdelpueblo.ar\/index.php?rest_route=%2Fwp%2Fv2%2Fcomments&post=51852"}],"version-history":[{"count":0,"href":"https:\/\/fmdelpueblo.ar\/index.php?rest_route=\/wp\/v2\/posts\/51852\/revisions"}],"wp:attachment":[{"href":"https:\/\/fmdelpueblo.ar\/index.php?rest_route=%2Fwp%2Fv2%2Fmedia&parent=51852"}],"wp:term":[{"taxonomy":"category","embeddable":true,"href":"https:\/\/fmdelpueblo.ar\/index.php?rest_route=%2Fwp%2Fv2%2Fcategories&post=51852"},{"taxonomy":"post_tag","embeddable":true,"href":"https:\/\/fmdelpueblo.ar\/index.php?rest_route=%2Fwp%2Fv2%2Ftags&post=51852"}],"curies":[{"name":"wp","href":"https:\/\/api.w.org\/{rel}","templated":true}]}}