{"id":51851,"date":"2026-09-06T06:09:09","date_gmt":"2026-09-06T09:09:09","guid":{"rendered":"http:\/\/fmdelpueblo.ar\/?p=51851"},"modified":"2026-09-06T06:09:09","modified_gmt":"2026-09-06T09:09:09","slug":"iran-afirma-que-ataco-barco-de-eeuu-en-el-estrecho-de-ormuz-en-plena-escalada-de-combates","status":"publish","type":"post","link":"https:\/\/fmdelpueblo.ar\/?p=51851","title":{"rendered":"Ir\u00e1n afirma que atac\u00f3 barco de EEUU en el estrecho de Ormuz, en plena escalada de combates"},"content":{"rendered":"<p>Ir\u00e1n afirma haber atacado un dron estadounidense en el estrecho de Ormuz, intensificando el conflicto con EE.UU. tras recientes ataques mutuos.Mientras, Washington busca presionar a Teher\u00e1n con sanciones y acciones militares, mientras Ir\u00e1n elude bloqueos para sostener su econom\u00eda.<\/p>","protected":false},"excerpt":{"rendered":"<p>Ir\u00e1n afirma haber atacado un dron estadounidense en el estrecho de Ormuz, intensificando el conflicto con EE.UU. tras recientes ataques mutuos.Mientras, Washington busca presionar a Teher\u00e1n con sanciones y acciones militares, mientras Ir\u00e1n elude bloqueos para sostener su econom\u00eda.<\/p>\n","protected":false},"author":0,"featured_media":0,"comment_status":"","ping_status":"","sticky":false,"template":"","format":"standard","meta":{"footnotes":""},"categories":[1],"tags":[],"class_list":["post-51851","post","type-post","status-publish","format-standard","has-post-thumbnail","hentry","category-sin-categoria"],"_links":{"self":[{"href":"https:\/\/fmdelpueblo.ar\/index.php?rest_route=\/wp\/v2\/posts\/51851","targetHints":{"allow":["GET"]}}],"collection":[{"href":"https:\/\/fmdelpueblo.ar\/index.php?rest_route=\/wp\/v2\/posts"}],"about":[{"href":"https:\/\/fmdelpueblo.ar\/index.php?rest_route=\/wp\/v2\/types\/post"}],"replies":[{"embeddable":true,"href":"https:\/\/fmdelpueblo.ar\/index.php?rest_route=%2Fwp%2Fv2%2Fcomments&post=51851"}],"version-history":[{"count":0,"href":"https:\/\/fmdelpueblo.ar\/index.php?rest_route=\/wp\/v2\/posts\/51851\/revisions"}],"wp:attachment":[{"href":"https:\/\/fmdelpueblo.ar\/index.php?rest_route=%2Fwp%2Fv2%2Fmedia&parent=51851"}],"wp:term":[{"taxonomy":"category","embeddable":true,"href":"https:\/\/fmdelpueblo.ar\/index.php?rest_route=%2Fwp%2Fv2%2Fcategories&post=51851"},{"taxonomy":"post_tag","embeddable":true,"href":"https:\/\/fmdelpueblo.ar\/index.php?rest_route=%2Fwp%2Fv2%2Ftags&post=51851"}],"curies":[{"name":"wp","href":"https:\/\/api.w.org\/{rel}","templated":true}]}}