{"id":51849,"date":"2026-09-06T06:09:08","date_gmt":"2026-09-06T09:09:08","guid":{"rendered":"http:\/\/fmdelpueblo.ar\/?p=51849"},"modified":"2026-09-06T06:09:08","modified_gmt":"2026-09-06T09:09:08","slug":"f1-gp-de-italia-con-franco-colapinto-en-vivo-horario-donde-y-como-ver-la-carrera-de-la-formula-1-en-monza-este-domingo-6-de-septiembre","status":"publish","type":"post","link":"https:\/\/fmdelpueblo.ar\/?p=51849","title":{"rendered":"F1 GP de Italia con Franco Colapinto, EN VIVO: horario, d\u00f3nde y c\u00f3mo ver la carrera de la F\u00f3rmula 1 en Monza este domingo 6 de septiembre"},"content":{"rendered":"<p>El argentino saldr\u00e1 s\u00e9ptimo, su mejor posici\u00f3n de largada en la categor\u00eda.Desde la pole lo har\u00e1 su compa\u00f1ero Pierre Gasly en el otro Alpine.Por F1TV y Disney+.<\/p>","protected":false},"excerpt":{"rendered":"<p>El argentino saldr\u00e1 s\u00e9ptimo, su mejor posici\u00f3n de largada en la categor\u00eda.Desde la pole lo har\u00e1 su compa\u00f1ero Pierre Gasly en el otro Alpine.Por F1TV y Disney+.<\/p>\n","protected":false},"author":0,"featured_media":0,"comment_status":"","ping_status":"","sticky":false,"template":"","format":"standard","meta":{"footnotes":""},"categories":[1],"tags":[],"class_list":["post-51849","post","type-post","status-publish","format-standard","has-post-thumbnail","hentry","category-sin-categoria"],"_links":{"self":[{"href":"https:\/\/fmdelpueblo.ar\/index.php?rest_route=\/wp\/v2\/posts\/51849","targetHints":{"allow":["GET"]}}],"collection":[{"href":"https:\/\/fmdelpueblo.ar\/index.php?rest_route=\/wp\/v2\/posts"}],"about":[{"href":"https:\/\/fmdelpueblo.ar\/index.php?rest_route=\/wp\/v2\/types\/post"}],"replies":[{"embeddable":true,"href":"https:\/\/fmdelpueblo.ar\/index.php?rest_route=%2Fwp%2Fv2%2Fcomments&post=51849"}],"version-history":[{"count":0,"href":"https:\/\/fmdelpueblo.ar\/index.php?rest_route=\/wp\/v2\/posts\/51849\/revisions"}],"wp:attachment":[{"href":"https:\/\/fmdelpueblo.ar\/index.php?rest_route=%2Fwp%2Fv2%2Fmedia&parent=51849"}],"wp:term":[{"taxonomy":"category","embeddable":true,"href":"https:\/\/fmdelpueblo.ar\/index.php?rest_route=%2Fwp%2Fv2%2Fcategories&post=51849"},{"taxonomy":"post_tag","embeddable":true,"href":"https:\/\/fmdelpueblo.ar\/index.php?rest_route=%2Fwp%2Fv2%2Ftags&post=51849"}],"curies":[{"name":"wp","href":"https:\/\/api.w.org\/{rel}","templated":true}]}}