{"id":51845,"date":"2026-09-06T05:09:15","date_gmt":"2026-09-06T08:09:15","guid":{"rendered":"https:\/\/fmdelpueblo.ar\/?p=51845"},"modified":"2026-09-06T05:09:15","modified_gmt":"2026-09-06T08:09:15","slug":"joseba-sobre-su-padre-karlos-arguinano-la-cocina-de-mi-aita-es-la-cocina-del-hogar-y-es-la-comida-que-comemos-en-casa-puchero-rebozados-empanados-con-salsa-de-tomate-comemos-normal","status":"publish","type":"post","link":"https:\/\/fmdelpueblo.ar\/?p=51845","title":{"rendered":"Joseba, sobre su padre Karlos Argui\u00f1ano: \u00abLa cocina de mi aita es la cocina del hogar y es la comida que comemos en casa: puchero, rebozados, empanados, con salsa de tomate. Comemos normal\u00bb"},"content":{"rendered":"<p>El tambi\u00e9n cocinero, de 41 a\u00f1os, comparte sus recetas en el exitoso programa \u00abLa cocina abierta de Karlos Argui\u00f1ano\u00bb.Es uno de los siete hijos del chef espa\u00f1ol, hered\u00f3 la pasi\u00f3n por la gastronom\u00eda y tambi\u00e9n su simpat\u00eda.<\/p>","protected":false},"excerpt":{"rendered":"<p>El tambi\u00e9n cocinero, de 41 a\u00f1os, comparte sus recetas en el exitoso programa \u00abLa cocina abierta de Karlos Argui\u00f1ano\u00bb.Es uno de los siete hijos del chef espa\u00f1ol, hered\u00f3 la pasi\u00f3n por la gastronom\u00eda y tambi\u00e9n su simpat\u00eda.<\/p>\n","protected":false},"author":0,"featured_media":0,"comment_status":"","ping_status":"","sticky":false,"template":"","format":"standard","meta":{"footnotes":""},"categories":[1],"tags":[],"class_list":["post-51845","post","type-post","status-publish","format-standard","has-post-thumbnail","hentry","category-sin-categoria"],"_links":{"self":[{"href":"https:\/\/fmdelpueblo.ar\/index.php?rest_route=\/wp\/v2\/posts\/51845","targetHints":{"allow":["GET"]}}],"collection":[{"href":"https:\/\/fmdelpueblo.ar\/index.php?rest_route=\/wp\/v2\/posts"}],"about":[{"href":"https:\/\/fmdelpueblo.ar\/index.php?rest_route=\/wp\/v2\/types\/post"}],"replies":[{"embeddable":true,"href":"https:\/\/fmdelpueblo.ar\/index.php?rest_route=%2Fwp%2Fv2%2Fcomments&post=51845"}],"version-history":[{"count":0,"href":"https:\/\/fmdelpueblo.ar\/index.php?rest_route=\/wp\/v2\/posts\/51845\/revisions"}],"wp:attachment":[{"href":"https:\/\/fmdelpueblo.ar\/index.php?rest_route=%2Fwp%2Fv2%2Fmedia&parent=51845"}],"wp:term":[{"taxonomy":"category","embeddable":true,"href":"https:\/\/fmdelpueblo.ar\/index.php?rest_route=%2Fwp%2Fv2%2Fcategories&post=51845"},{"taxonomy":"post_tag","embeddable":true,"href":"https:\/\/fmdelpueblo.ar\/index.php?rest_route=%2Fwp%2Fv2%2Ftags&post=51845"}],"curies":[{"name":"wp","href":"https:\/\/api.w.org\/{rel}","templated":true}]}}