{"id":51790,"date":"2026-09-05T21:09:04","date_gmt":"2026-09-06T00:09:04","guid":{"rendered":"https:\/\/fmdelpueblo.ar\/?p=51790"},"modified":"2026-09-05T21:09:04","modified_gmt":"2026-09-06T00:09:04","slug":"el-nacionalismo-de-emergencia-de-milei","status":"publish","type":"post","link":"https:\/\/fmdelpueblo.ar\/?p=51790","title":{"rendered":"El nacionalismo de emergencia de Milei"},"content":{"rendered":"<p>El Presidente intenta dar un golpe de tim\u00f3n en la agenda al colocar el leg\u00edtimo reclamo de Malvinas por encima de la situaci\u00f3n econ\u00f3mica. Pas\u00f3 de una diplomacia pasiva a otra agresiva alentado por las ambig\u00fcedades de Trump frente a Gran Breta\u00f1a. Ve una ocasi\u00f3n de recuperar cr\u00e9dito social. Habr\u00e1 que observar c\u00f3mo el cambio s\u00fabito repercute en una econom\u00eda que requiere caudales de confianza.<\/p>","protected":false},"excerpt":{"rendered":"<p>El Presidente intenta dar un golpe de tim\u00f3n en la agenda al colocar el leg\u00edtimo reclamo de Malvinas por encima de la situaci\u00f3n econ\u00f3mica. Pas\u00f3 de una diplomacia pasiva a otra agresiva alentado por las ambig\u00fcedades de Trump frente a Gran Breta\u00f1a. Ve una ocasi\u00f3n de recuperar cr\u00e9dito social. Habr\u00e1 que observar c\u00f3mo el cambio [&hellip;]<\/p>\n","protected":false},"author":0,"featured_media":0,"comment_status":"","ping_status":"","sticky":false,"template":"","format":"standard","meta":{"footnotes":""},"categories":[1],"tags":[],"class_list":["post-51790","post","type-post","status-publish","format-standard","has-post-thumbnail","hentry","category-sin-categoria"],"_links":{"self":[{"href":"https:\/\/fmdelpueblo.ar\/index.php?rest_route=\/wp\/v2\/posts\/51790","targetHints":{"allow":["GET"]}}],"collection":[{"href":"https:\/\/fmdelpueblo.ar\/index.php?rest_route=\/wp\/v2\/posts"}],"about":[{"href":"https:\/\/fmdelpueblo.ar\/index.php?rest_route=\/wp\/v2\/types\/post"}],"replies":[{"embeddable":true,"href":"https:\/\/fmdelpueblo.ar\/index.php?rest_route=%2Fwp%2Fv2%2Fcomments&post=51790"}],"version-history":[{"count":0,"href":"https:\/\/fmdelpueblo.ar\/index.php?rest_route=\/wp\/v2\/posts\/51790\/revisions"}],"wp:attachment":[{"href":"https:\/\/fmdelpueblo.ar\/index.php?rest_route=%2Fwp%2Fv2%2Fmedia&parent=51790"}],"wp:term":[{"taxonomy":"category","embeddable":true,"href":"https:\/\/fmdelpueblo.ar\/index.php?rest_route=%2Fwp%2Fv2%2Fcategories&post=51790"},{"taxonomy":"post_tag","embeddable":true,"href":"https:\/\/fmdelpueblo.ar\/index.php?rest_route=%2Fwp%2Fv2%2Ftags&post=51790"}],"curies":[{"name":"wp","href":"https:\/\/api.w.org\/{rel}","templated":true}]}}