{"id":51787,"date":"2026-09-05T21:09:01","date_gmt":"2026-09-06T00:09:01","guid":{"rendered":"https:\/\/fmdelpueblo.ar\/?p=51787"},"modified":"2026-09-05T21:09:01","modified_gmt":"2026-09-06T00:09:01","slug":"quien-ensena-a-pensar-la-inteligencia-artificial","status":"publish","type":"post","link":"https:\/\/fmdelpueblo.ar\/?p=51787","title":{"rendered":"\u00bfQui\u00e9n ense\u00f1a a pensar la inteligencia artificial?"},"content":{"rendered":"<p>Los modelos se entrenan con textos, videos e im\u00e1genes que no son neutros.<\/p>","protected":false},"excerpt":{"rendered":"<p>Los modelos se entrenan con textos, videos e im\u00e1genes que no son neutros.<\/p>\n","protected":false},"author":0,"featured_media":0,"comment_status":"","ping_status":"","sticky":false,"template":"","format":"standard","meta":{"footnotes":""},"categories":[1],"tags":[],"class_list":["post-51787","post","type-post","status-publish","format-standard","has-post-thumbnail","hentry","category-sin-categoria"],"_links":{"self":[{"href":"https:\/\/fmdelpueblo.ar\/index.php?rest_route=\/wp\/v2\/posts\/51787","targetHints":{"allow":["GET"]}}],"collection":[{"href":"https:\/\/fmdelpueblo.ar\/index.php?rest_route=\/wp\/v2\/posts"}],"about":[{"href":"https:\/\/fmdelpueblo.ar\/index.php?rest_route=\/wp\/v2\/types\/post"}],"replies":[{"embeddable":true,"href":"https:\/\/fmdelpueblo.ar\/index.php?rest_route=%2Fwp%2Fv2%2Fcomments&post=51787"}],"version-history":[{"count":0,"href":"https:\/\/fmdelpueblo.ar\/index.php?rest_route=\/wp\/v2\/posts\/51787\/revisions"}],"wp:attachment":[{"href":"https:\/\/fmdelpueblo.ar\/index.php?rest_route=%2Fwp%2Fv2%2Fmedia&parent=51787"}],"wp:term":[{"taxonomy":"category","embeddable":true,"href":"https:\/\/fmdelpueblo.ar\/index.php?rest_route=%2Fwp%2Fv2%2Fcategories&post=51787"},{"taxonomy":"post_tag","embeddable":true,"href":"https:\/\/fmdelpueblo.ar\/index.php?rest_route=%2Fwp%2Fv2%2Ftags&post=51787"}],"curies":[{"name":"wp","href":"https:\/\/api.w.org\/{rel}","templated":true}]}}