{"id":51784,"date":"2026-09-05T21:09:00","date_gmt":"2026-09-06T00:09:00","guid":{"rendered":"https:\/\/fmdelpueblo.ar\/?p=51784"},"modified":"2026-09-05T21:09:00","modified_gmt":"2026-09-06T00:09:00","slug":"un-museo-de-los-angeles-inauguro-una-muestra-de-fotos-de-clarin-y-la-razon","status":"publish","type":"post","link":"https:\/\/fmdelpueblo.ar\/?p=51784","title":{"rendered":"Un museo de Los \u00c1ngeles inaugur\u00f3 una muestra de fotos de Clar\u00edn y La Raz\u00f3n"},"content":{"rendered":"<p>Son parte de los archivos de los diarios, con fotos seleccionadas desde el a\u00f1o 1946 a 1989.Las im\u00e1genes atraviesan algunos de los grandes acontecimientos del pa\u00eds y tambi\u00e9n momentos de la vida cotidiana, como el trabajo, las vacaciones, las costumbres y el entretenimiento.<\/p>","protected":false},"excerpt":{"rendered":"<p>Son parte de los archivos de los diarios, con fotos seleccionadas desde el a\u00f1o 1946 a 1989.Las im\u00e1genes atraviesan algunos de los grandes acontecimientos del pa\u00eds y tambi\u00e9n momentos de la vida cotidiana, como el trabajo, las vacaciones, las costumbres y el entretenimiento.<\/p>\n","protected":false},"author":0,"featured_media":0,"comment_status":"","ping_status":"","sticky":false,"template":"","format":"standard","meta":{"footnotes":""},"categories":[1],"tags":[],"class_list":["post-51784","post","type-post","status-publish","format-standard","has-post-thumbnail","hentry","category-sin-categoria"],"_links":{"self":[{"href":"https:\/\/fmdelpueblo.ar\/index.php?rest_route=\/wp\/v2\/posts\/51784","targetHints":{"allow":["GET"]}}],"collection":[{"href":"https:\/\/fmdelpueblo.ar\/index.php?rest_route=\/wp\/v2\/posts"}],"about":[{"href":"https:\/\/fmdelpueblo.ar\/index.php?rest_route=\/wp\/v2\/types\/post"}],"replies":[{"embeddable":true,"href":"https:\/\/fmdelpueblo.ar\/index.php?rest_route=%2Fwp%2Fv2%2Fcomments&post=51784"}],"version-history":[{"count":0,"href":"https:\/\/fmdelpueblo.ar\/index.php?rest_route=\/wp\/v2\/posts\/51784\/revisions"}],"wp:attachment":[{"href":"https:\/\/fmdelpueblo.ar\/index.php?rest_route=%2Fwp%2Fv2%2Fmedia&parent=51784"}],"wp:term":[{"taxonomy":"category","embeddable":true,"href":"https:\/\/fmdelpueblo.ar\/index.php?rest_route=%2Fwp%2Fv2%2Fcategories&post=51784"},{"taxonomy":"post_tag","embeddable":true,"href":"https:\/\/fmdelpueblo.ar\/index.php?rest_route=%2Fwp%2Fv2%2Ftags&post=51784"}],"curies":[{"name":"wp","href":"https:\/\/api.w.org\/{rel}","templated":true}]}}