{"id":51782,"date":"2026-09-05T21:08:58","date_gmt":"2026-09-06T00:08:58","guid":{"rendered":"https:\/\/fmdelpueblo.ar\/?p=51782"},"modified":"2026-09-05T21:08:58","modified_gmt":"2026-09-06T00:08:58","slug":"otra-nena-victima-del-ataque-de-un-perro-el-animal-de-su-familia-la-mordio-en-su-casa-y-quedo-internada-con-pronostico-reservado","status":"publish","type":"post","link":"https:\/\/fmdelpueblo.ar\/?p=51782","title":{"rendered":"Otra nena v\u00edctima del ataque de un perro: el animal de su familia la mordi\u00f3 en su casa y qued\u00f3 internada con pron\u00f3stico reservado"},"content":{"rendered":"<p>El caso tambi\u00e9n ocurri\u00f3 en C\u00f3rdoba, donde el viernes dos ni\u00f1os murieron mordidos por pitbull y dogos.Desde el Colegio de Veterinarios provincial advierten sobre la \u00abfalta de responsabilidad\u00bb de los tenedores de perros peligrosos.Hab\u00eda una aplicaci\u00f3n para denunciar perros potencialmente peligrosos pero ya no funciona.<\/p>","protected":false},"excerpt":{"rendered":"<p>El caso tambi\u00e9n ocurri\u00f3 en C\u00f3rdoba, donde el viernes dos ni\u00f1os murieron mordidos por pitbull y dogos.Desde el Colegio de Veterinarios provincial advierten sobre la \u00abfalta de responsabilidad\u00bb de los tenedores de perros peligrosos.Hab\u00eda una aplicaci\u00f3n para denunciar perros potencialmente peligrosos pero ya no funciona.<\/p>\n","protected":false},"author":0,"featured_media":0,"comment_status":"","ping_status":"","sticky":false,"template":"","format":"standard","meta":{"footnotes":""},"categories":[1],"tags":[],"class_list":["post-51782","post","type-post","status-publish","format-standard","has-post-thumbnail","hentry","category-sin-categoria"],"_links":{"self":[{"href":"https:\/\/fmdelpueblo.ar\/index.php?rest_route=\/wp\/v2\/posts\/51782","targetHints":{"allow":["GET"]}}],"collection":[{"href":"https:\/\/fmdelpueblo.ar\/index.php?rest_route=\/wp\/v2\/posts"}],"about":[{"href":"https:\/\/fmdelpueblo.ar\/index.php?rest_route=\/wp\/v2\/types\/post"}],"replies":[{"embeddable":true,"href":"https:\/\/fmdelpueblo.ar\/index.php?rest_route=%2Fwp%2Fv2%2Fcomments&post=51782"}],"version-history":[{"count":0,"href":"https:\/\/fmdelpueblo.ar\/index.php?rest_route=\/wp\/v2\/posts\/51782\/revisions"}],"wp:attachment":[{"href":"https:\/\/fmdelpueblo.ar\/index.php?rest_route=%2Fwp%2Fv2%2Fmedia&parent=51782"}],"wp:term":[{"taxonomy":"category","embeddable":true,"href":"https:\/\/fmdelpueblo.ar\/index.php?rest_route=%2Fwp%2Fv2%2Fcategories&post=51782"},{"taxonomy":"post_tag","embeddable":true,"href":"https:\/\/fmdelpueblo.ar\/index.php?rest_route=%2Fwp%2Fv2%2Ftags&post=51782"}],"curies":[{"name":"wp","href":"https:\/\/api.w.org\/{rel}","templated":true}]}}