{"id":51774,"date":"2026-09-05T19:09:07","date_gmt":"2026-09-05T22:09:07","guid":{"rendered":"https:\/\/fmdelpueblo.ar\/?p=51774"},"modified":"2026-09-05T19:09:07","modified_gmt":"2026-09-05T22:09:07","slug":"jueguen-no-esperen-martin-menem-aseguro-que-milei-sera-el-primer-no-peronista-en-ser-reelecto-y-lanzo-un-pedido-a-los-inversores","status":"publish","type":"post","link":"https:\/\/fmdelpueblo.ar\/?p=51774","title":{"rendered":"\u00abJueguen, no esperen\u00bb: Mart\u00edn Menem asegur\u00f3 que Milei ser\u00e1 \u00abel primer no peronista\u00bb en ser reelecto y lanz\u00f3 un pedido a los inversores"},"content":{"rendered":"<p>\u00abLos que tienen que invertir no esperen a ver qu\u00e9 pasa\u00bb, inst\u00f3 el presidente de la C\u00e1mara de Diputados a los empresarios.Fue en su intervenci\u00f3n en la 47\u00b0 Convenci\u00f3n Anual del Instituto Argentino de Ejecutivos de Finanzas.<\/p>","protected":false},"excerpt":{"rendered":"<p>\u00abLos que tienen que invertir no esperen a ver qu\u00e9 pasa\u00bb, inst\u00f3 el presidente de la C\u00e1mara de Diputados a los empresarios.Fue en su intervenci\u00f3n en la 47\u00b0 Convenci\u00f3n Anual del Instituto Argentino de Ejecutivos de Finanzas.<\/p>\n","protected":false},"author":0,"featured_media":0,"comment_status":"","ping_status":"","sticky":false,"template":"","format":"standard","meta":{"footnotes":""},"categories":[1],"tags":[],"class_list":["post-51774","post","type-post","status-publish","format-standard","has-post-thumbnail","hentry","category-sin-categoria"],"_links":{"self":[{"href":"https:\/\/fmdelpueblo.ar\/index.php?rest_route=\/wp\/v2\/posts\/51774","targetHints":{"allow":["GET"]}}],"collection":[{"href":"https:\/\/fmdelpueblo.ar\/index.php?rest_route=\/wp\/v2\/posts"}],"about":[{"href":"https:\/\/fmdelpueblo.ar\/index.php?rest_route=\/wp\/v2\/types\/post"}],"replies":[{"embeddable":true,"href":"https:\/\/fmdelpueblo.ar\/index.php?rest_route=%2Fwp%2Fv2%2Fcomments&post=51774"}],"version-history":[{"count":0,"href":"https:\/\/fmdelpueblo.ar\/index.php?rest_route=\/wp\/v2\/posts\/51774\/revisions"}],"wp:attachment":[{"href":"https:\/\/fmdelpueblo.ar\/index.php?rest_route=%2Fwp%2Fv2%2Fmedia&parent=51774"}],"wp:term":[{"taxonomy":"category","embeddable":true,"href":"https:\/\/fmdelpueblo.ar\/index.php?rest_route=%2Fwp%2Fv2%2Fcategories&post=51774"},{"taxonomy":"post_tag","embeddable":true,"href":"https:\/\/fmdelpueblo.ar\/index.php?rest_route=%2Fwp%2Fv2%2Ftags&post=51774"}],"curies":[{"name":"wp","href":"https:\/\/api.w.org\/{rel}","templated":true}]}}