{"id":51768,"date":"2026-09-05T19:09:04","date_gmt":"2026-09-05T22:09:04","guid":{"rendered":"https:\/\/fmdelpueblo.ar\/?p=51768"},"modified":"2026-09-05T19:09:04","modified_gmt":"2026-09-05T22:09:04","slug":"milei-reasigno-us-142-millones-del-presupuesto-para-la-base-naval-de-ushuaia-pero-faltaria-mas-del-doble-para-terminarla","status":"publish","type":"post","link":"https:\/\/fmdelpueblo.ar\/?p=51768","title":{"rendered":"Milei reasign\u00f3 US$ 142 millones del presupuesto para la base naval de Ushuaia pero faltar\u00eda m\u00e1s del doble para terminarla"},"content":{"rendered":"<p>La obra tiene un retraso de 30 a\u00f1os e incluye tambi\u00e9n mejoras en la base Petrel de la Ant\u00e1rtida. En la semana, el ministro de Defensa y el jefe del Estado Mayor Conjunto definir\u00e1n un plan de obras. Expectativa por si la oposici\u00f3n refrendar\u00e1 los DNU y un proyecto de ley sobre el tema que enviar\u00e1 el Gobierno.<\/p>","protected":false},"excerpt":{"rendered":"<p>La obra tiene un retraso de 30 a\u00f1os e incluye tambi\u00e9n mejoras en la base Petrel de la Ant\u00e1rtida. En la semana, el ministro de Defensa y el jefe del Estado Mayor Conjunto definir\u00e1n un plan de obras. Expectativa por si la oposici\u00f3n refrendar\u00e1 los DNU y un proyecto de ley sobre el tema que [&hellip;]<\/p>\n","protected":false},"author":0,"featured_media":0,"comment_status":"","ping_status":"","sticky":false,"template":"","format":"standard","meta":{"footnotes":""},"categories":[1],"tags":[],"class_list":["post-51768","post","type-post","status-publish","format-standard","has-post-thumbnail","hentry","category-sin-categoria"],"_links":{"self":[{"href":"https:\/\/fmdelpueblo.ar\/index.php?rest_route=\/wp\/v2\/posts\/51768","targetHints":{"allow":["GET"]}}],"collection":[{"href":"https:\/\/fmdelpueblo.ar\/index.php?rest_route=\/wp\/v2\/posts"}],"about":[{"href":"https:\/\/fmdelpueblo.ar\/index.php?rest_route=\/wp\/v2\/types\/post"}],"replies":[{"embeddable":true,"href":"https:\/\/fmdelpueblo.ar\/index.php?rest_route=%2Fwp%2Fv2%2Fcomments&post=51768"}],"version-history":[{"count":0,"href":"https:\/\/fmdelpueblo.ar\/index.php?rest_route=\/wp\/v2\/posts\/51768\/revisions"}],"wp:attachment":[{"href":"https:\/\/fmdelpueblo.ar\/index.php?rest_route=%2Fwp%2Fv2%2Fmedia&parent=51768"}],"wp:term":[{"taxonomy":"category","embeddable":true,"href":"https:\/\/fmdelpueblo.ar\/index.php?rest_route=%2Fwp%2Fv2%2Fcategories&post=51768"},{"taxonomy":"post_tag","embeddable":true,"href":"https:\/\/fmdelpueblo.ar\/index.php?rest_route=%2Fwp%2Fv2%2Ftags&post=51768"}],"curies":[{"name":"wp","href":"https:\/\/api.w.org\/{rel}","templated":true}]}}