{"id":51763,"date":"2026-09-05T18:09:02","date_gmt":"2026-09-05T21:09:02","guid":{"rendered":"http:\/\/fmdelpueblo.ar\/?p=51763"},"modified":"2026-09-05T18:09:02","modified_gmt":"2026-09-05T21:09:02","slug":"guyana-anuncia-que-recibira-a-migrantes-deportados-por-estados-unidos","status":"publish","type":"post","link":"https:\/\/fmdelpueblo.ar\/?p=51763","title":{"rendered":"Guyana anuncia que recibir\u00e1 a migrantes deportados por Estados Unidos"},"content":{"rendered":"<p>Guyana acoger\u00e1 temporalmente a migrantes deportados de EE.UU., en un pacto que refuerza su compromiso con los derechos humanos y la cooperaci\u00f3n global.El acuerdo, de car\u00e1cter transitorio, asegura que los deportados no tengan antecedentes penales y puedan optar por regresar a su pa\u00eds o ser reubicados.<\/p>","protected":false},"excerpt":{"rendered":"<p>Guyana acoger\u00e1 temporalmente a migrantes deportados de EE.UU., en un pacto que refuerza su compromiso con los derechos humanos y la cooperaci\u00f3n global.El acuerdo, de car\u00e1cter transitorio, asegura que los deportados no tengan antecedentes penales y puedan optar por regresar a su pa\u00eds o ser reubicados.<\/p>\n","protected":false},"author":0,"featured_media":0,"comment_status":"","ping_status":"","sticky":false,"template":"","format":"standard","meta":{"footnotes":""},"categories":[1],"tags":[],"class_list":["post-51763","post","type-post","status-publish","format-standard","has-post-thumbnail","hentry","category-sin-categoria"],"_links":{"self":[{"href":"https:\/\/fmdelpueblo.ar\/index.php?rest_route=\/wp\/v2\/posts\/51763","targetHints":{"allow":["GET"]}}],"collection":[{"href":"https:\/\/fmdelpueblo.ar\/index.php?rest_route=\/wp\/v2\/posts"}],"about":[{"href":"https:\/\/fmdelpueblo.ar\/index.php?rest_route=\/wp\/v2\/types\/post"}],"replies":[{"embeddable":true,"href":"https:\/\/fmdelpueblo.ar\/index.php?rest_route=%2Fwp%2Fv2%2Fcomments&post=51763"}],"version-history":[{"count":0,"href":"https:\/\/fmdelpueblo.ar\/index.php?rest_route=\/wp\/v2\/posts\/51763\/revisions"}],"wp:attachment":[{"href":"https:\/\/fmdelpueblo.ar\/index.php?rest_route=%2Fwp%2Fv2%2Fmedia&parent=51763"}],"wp:term":[{"taxonomy":"category","embeddable":true,"href":"https:\/\/fmdelpueblo.ar\/index.php?rest_route=%2Fwp%2Fv2%2Fcategories&post=51763"},{"taxonomy":"post_tag","embeddable":true,"href":"https:\/\/fmdelpueblo.ar\/index.php?rest_route=%2Fwp%2Fv2%2Ftags&post=51763"}],"curies":[{"name":"wp","href":"https:\/\/api.w.org\/{rel}","templated":true}]}}