{"id":51762,"date":"2026-09-05T18:09:01","date_gmt":"2026-09-05T21:09:01","guid":{"rendered":"http:\/\/fmdelpueblo.ar\/?p=51762"},"modified":"2026-09-05T18:09:01","modified_gmt":"2026-09-05T21:09:01","slug":"revelan-la-cronologia-del-crimen-del-musico-jonathan-melendez-y-su-familia-en-mexico-el-argentino-acusado-fue-a-comprar-tacos-tras-el-asesinato","status":"publish","type":"post","link":"https:\/\/fmdelpueblo.ar\/?p=51762","title":{"rendered":"Revelan la cronolog\u00eda del crimen del m\u00fasico Jonathan Mel\u00e9ndez y su familia en M\u00e9xico: el argentino acusado fue a comprar tacos tras el asesinato"},"content":{"rendered":"<p>La Fiscal\u00eda reconstruy\u00f3 las horas previas y posteriores al salvaje crimen.Rosen Ferlini (51), el acusado, habr\u00eda matado a su socio, la esposa embarazada, una menor de 3 a\u00f1os, una empleada dom\u00e9stica y al perro de la familia.Descart\u00f3 el arma y escap\u00f3.<\/p>","protected":false},"excerpt":{"rendered":"<p>La Fiscal\u00eda reconstruy\u00f3 las horas previas y posteriores al salvaje crimen.Rosen Ferlini (51), el acusado, habr\u00eda matado a su socio, la esposa embarazada, una menor de 3 a\u00f1os, una empleada dom\u00e9stica y al perro de la familia.Descart\u00f3 el arma y escap\u00f3.<\/p>\n","protected":false},"author":0,"featured_media":0,"comment_status":"","ping_status":"","sticky":false,"template":"","format":"standard","meta":{"footnotes":""},"categories":[1],"tags":[],"class_list":["post-51762","post","type-post","status-publish","format-standard","has-post-thumbnail","hentry","category-sin-categoria"],"_links":{"self":[{"href":"https:\/\/fmdelpueblo.ar\/index.php?rest_route=\/wp\/v2\/posts\/51762","targetHints":{"allow":["GET"]}}],"collection":[{"href":"https:\/\/fmdelpueblo.ar\/index.php?rest_route=\/wp\/v2\/posts"}],"about":[{"href":"https:\/\/fmdelpueblo.ar\/index.php?rest_route=\/wp\/v2\/types\/post"}],"replies":[{"embeddable":true,"href":"https:\/\/fmdelpueblo.ar\/index.php?rest_route=%2Fwp%2Fv2%2Fcomments&post=51762"}],"version-history":[{"count":0,"href":"https:\/\/fmdelpueblo.ar\/index.php?rest_route=\/wp\/v2\/posts\/51762\/revisions"}],"wp:attachment":[{"href":"https:\/\/fmdelpueblo.ar\/index.php?rest_route=%2Fwp%2Fv2%2Fmedia&parent=51762"}],"wp:term":[{"taxonomy":"category","embeddable":true,"href":"https:\/\/fmdelpueblo.ar\/index.php?rest_route=%2Fwp%2Fv2%2Fcategories&post=51762"},{"taxonomy":"post_tag","embeddable":true,"href":"https:\/\/fmdelpueblo.ar\/index.php?rest_route=%2Fwp%2Fv2%2Ftags&post=51762"}],"curies":[{"name":"wp","href":"https:\/\/api.w.org\/{rel}","templated":true}]}}