{"id":51725,"date":"2026-09-05T13:09:00","date_gmt":"2026-09-05T16:09:00","guid":{"rendered":"https:\/\/fmdelpueblo.ar\/?p=51725"},"modified":"2026-09-05T13:09:00","modified_gmt":"2026-09-05T16:09:00","slug":"daniela-celis-se-sincero-sobre-su-vida-sexual-y-conto-que-es-lo-que-mas-le-da-verguenza-nunca-mas-me-saco-la-tanga","status":"publish","type":"post","link":"https:\/\/fmdelpueblo.ar\/?p=51725","title":{"rendered":"Daniela Celis se sincer\u00f3 sobre su vida sexual y cont\u00f3 qu\u00e9 es lo que m\u00e1s le da verg\u00fcenza: \u00abNunca m\u00e1s me saco la tanga\u00bb"},"content":{"rendered":"<p>La ex Gran Hermano fue madre de gemelas hace m\u00e1s de dos a\u00f1os. Cont\u00f3 que tras una mala experiencia con una pareja, ya no hace el amor \u00absin bombacha\u00bb. <\/p>","protected":false},"excerpt":{"rendered":"<p>La ex Gran Hermano fue madre de gemelas hace m\u00e1s de dos a\u00f1os. Cont\u00f3 que tras una mala experiencia con una pareja, ya no hace el amor \u00absin bombacha\u00bb.<\/p>\n","protected":false},"author":0,"featured_media":0,"comment_status":"","ping_status":"","sticky":false,"template":"","format":"standard","meta":{"footnotes":""},"categories":[1],"tags":[],"class_list":["post-51725","post","type-post","status-publish","format-standard","has-post-thumbnail","hentry","category-sin-categoria"],"_links":{"self":[{"href":"https:\/\/fmdelpueblo.ar\/index.php?rest_route=\/wp\/v2\/posts\/51725","targetHints":{"allow":["GET"]}}],"collection":[{"href":"https:\/\/fmdelpueblo.ar\/index.php?rest_route=\/wp\/v2\/posts"}],"about":[{"href":"https:\/\/fmdelpueblo.ar\/index.php?rest_route=\/wp\/v2\/types\/post"}],"replies":[{"embeddable":true,"href":"https:\/\/fmdelpueblo.ar\/index.php?rest_route=%2Fwp%2Fv2%2Fcomments&post=51725"}],"version-history":[{"count":0,"href":"https:\/\/fmdelpueblo.ar\/index.php?rest_route=\/wp\/v2\/posts\/51725\/revisions"}],"wp:attachment":[{"href":"https:\/\/fmdelpueblo.ar\/index.php?rest_route=%2Fwp%2Fv2%2Fmedia&parent=51725"}],"wp:term":[{"taxonomy":"category","embeddable":true,"href":"https:\/\/fmdelpueblo.ar\/index.php?rest_route=%2Fwp%2Fv2%2Fcategories&post=51725"},{"taxonomy":"post_tag","embeddable":true,"href":"https:\/\/fmdelpueblo.ar\/index.php?rest_route=%2Fwp%2Fv2%2Ftags&post=51725"}],"curies":[{"name":"wp","href":"https:\/\/api.w.org\/{rel}","templated":true}]}}