{"id":51722,"date":"2026-09-05T13:08:58","date_gmt":"2026-09-05T16:08:58","guid":{"rendered":"https:\/\/fmdelpueblo.ar\/?p=51722"},"modified":"2026-09-05T13:08:58","modified_gmt":"2026-09-05T16:08:58","slug":"robert-pattinson-sacude-la-mostra-con-su-cazapederastas-en-primetime","status":"publish","type":"post","link":"https:\/\/fmdelpueblo.ar\/?p=51722","title":{"rendered":"Robert Pattinson sacude la Mostra con su cazapederastas en \u00abPrimetime\u00bb"},"content":{"rendered":"<p>El filme \u00abPrimetime\u00bb, con el brit\u00e1nico Pattinson, impact\u00f3 en Venecia al abordar un pol\u00e9mico programa de TV sobre cazadores de pederastas. La pel\u00edcula, inspirada en \u00abTo catch a predator\u00bb, cuenta tambi\u00e9n con Phoebe Bridgers en su debut cinematogr\u00e1fico.<\/p>","protected":false},"excerpt":{"rendered":"<p>El filme \u00abPrimetime\u00bb, con el brit\u00e1nico Pattinson, impact\u00f3 en Venecia al abordar un pol\u00e9mico programa de TV sobre cazadores de pederastas. La pel\u00edcula, inspirada en \u00abTo catch a predator\u00bb, cuenta tambi\u00e9n con Phoebe Bridgers en su debut cinematogr\u00e1fico.<\/p>\n","protected":false},"author":0,"featured_media":0,"comment_status":"","ping_status":"","sticky":false,"template":"","format":"standard","meta":{"footnotes":""},"categories":[1],"tags":[],"class_list":["post-51722","post","type-post","status-publish","format-standard","has-post-thumbnail","hentry","category-sin-categoria"],"_links":{"self":[{"href":"https:\/\/fmdelpueblo.ar\/index.php?rest_route=\/wp\/v2\/posts\/51722","targetHints":{"allow":["GET"]}}],"collection":[{"href":"https:\/\/fmdelpueblo.ar\/index.php?rest_route=\/wp\/v2\/posts"}],"about":[{"href":"https:\/\/fmdelpueblo.ar\/index.php?rest_route=\/wp\/v2\/types\/post"}],"replies":[{"embeddable":true,"href":"https:\/\/fmdelpueblo.ar\/index.php?rest_route=%2Fwp%2Fv2%2Fcomments&post=51722"}],"version-history":[{"count":0,"href":"https:\/\/fmdelpueblo.ar\/index.php?rest_route=\/wp\/v2\/posts\/51722\/revisions"}],"wp:attachment":[{"href":"https:\/\/fmdelpueblo.ar\/index.php?rest_route=%2Fwp%2Fv2%2Fmedia&parent=51722"}],"wp:term":[{"taxonomy":"category","embeddable":true,"href":"https:\/\/fmdelpueblo.ar\/index.php?rest_route=%2Fwp%2Fv2%2Fcategories&post=51722"},{"taxonomy":"post_tag","embeddable":true,"href":"https:\/\/fmdelpueblo.ar\/index.php?rest_route=%2Fwp%2Fv2%2Ftags&post=51722"}],"curies":[{"name":"wp","href":"https:\/\/api.w.org\/{rel}","templated":true}]}}