{"id":51717,"date":"2026-09-05T12:09:10","date_gmt":"2026-09-05T15:09:10","guid":{"rendered":"https:\/\/fmdelpueblo.ar\/?p=51717"},"modified":"2026-09-05T12:09:10","modified_gmt":"2026-09-05T15:09:10","slug":"libano-sube-a-cuatro-los-muertos-en-ataques-israelies","status":"publish","type":"post","link":"https:\/\/fmdelpueblo.ar\/?p=51717","title":{"rendered":"L\u00edbano sube a cuatro los muertos en ataques israel\u00edes"},"content":{"rendered":"<p>Cuatro personas fallecieron tras los ataques nocturnos de Israel en L\u00edbano, elevando el saldo de v\u00edctimas, inform\u00f3 el Ministerio de Salud.Israel justific\u00f3 los bombardeos como respuesta a un intento de ataque de Hezbol\u00e1, mientras el grupo condena la agresi\u00f3n en medio de una tregua.<\/p>","protected":false},"excerpt":{"rendered":"<p>Cuatro personas fallecieron tras los ataques nocturnos de Israel en L\u00edbano, elevando el saldo de v\u00edctimas, inform\u00f3 el Ministerio de Salud.Israel justific\u00f3 los bombardeos como respuesta a un intento de ataque de Hezbol\u00e1, mientras el grupo condena la agresi\u00f3n en medio de una tregua.<\/p>\n","protected":false},"author":0,"featured_media":0,"comment_status":"","ping_status":"","sticky":false,"template":"","format":"standard","meta":{"footnotes":""},"categories":[1],"tags":[],"class_list":["post-51717","post","type-post","status-publish","format-standard","has-post-thumbnail","hentry","category-sin-categoria"],"_links":{"self":[{"href":"https:\/\/fmdelpueblo.ar\/index.php?rest_route=\/wp\/v2\/posts\/51717","targetHints":{"allow":["GET"]}}],"collection":[{"href":"https:\/\/fmdelpueblo.ar\/index.php?rest_route=\/wp\/v2\/posts"}],"about":[{"href":"https:\/\/fmdelpueblo.ar\/index.php?rest_route=\/wp\/v2\/types\/post"}],"replies":[{"embeddable":true,"href":"https:\/\/fmdelpueblo.ar\/index.php?rest_route=%2Fwp%2Fv2%2Fcomments&post=51717"}],"version-history":[{"count":0,"href":"https:\/\/fmdelpueblo.ar\/index.php?rest_route=\/wp\/v2\/posts\/51717\/revisions"}],"wp:attachment":[{"href":"https:\/\/fmdelpueblo.ar\/index.php?rest_route=%2Fwp%2Fv2%2Fmedia&parent=51717"}],"wp:term":[{"taxonomy":"category","embeddable":true,"href":"https:\/\/fmdelpueblo.ar\/index.php?rest_route=%2Fwp%2Fv2%2Fcategories&post=51717"},{"taxonomy":"post_tag","embeddable":true,"href":"https:\/\/fmdelpueblo.ar\/index.php?rest_route=%2Fwp%2Fv2%2Ftags&post=51717"}],"curies":[{"name":"wp","href":"https:\/\/api.w.org\/{rel}","templated":true}]}}