{"id":51713,"date":"2026-09-05T12:09:07","date_gmt":"2026-09-05T15:09:07","guid":{"rendered":"https:\/\/fmdelpueblo.ar\/?p=51713"},"modified":"2026-09-05T12:09:07","modified_gmt":"2026-09-05T15:09:07","slug":"un-perro-ataco-a-su-hijo-de-4-anos-y-lucho-para-salvarlo-mientras-sostenia-a-su-bebe-en-brazos-lo-mordio-en-la-cabeza","status":"publish","type":"post","link":"https:\/\/fmdelpueblo.ar\/?p=51713","title":{"rendered":"Un perro atac\u00f3 a su hijo de 4 a\u00f1os y luch\u00f3 para salvarlo mientras sosten\u00eda a su beb\u00e9 en brazos: \u00abLo mordi\u00f3 en la cabeza\u00bb"},"content":{"rendered":"<p>Un padre de 36 a\u00f1os escuch\u00f3 los desoladores gritos y cuando sali\u00f3 al jard\u00edn vio una escena aterradora.Pele\u00f3 cuerpo a cuerpo con un mast\u00edn para liberar a su hijo y proteger a la m\u00e1s peque\u00f1a.<\/p>","protected":false},"excerpt":{"rendered":"<p>Un padre de 36 a\u00f1os escuch\u00f3 los desoladores gritos y cuando sali\u00f3 al jard\u00edn vio una escena aterradora.Pele\u00f3 cuerpo a cuerpo con un mast\u00edn para liberar a su hijo y proteger a la m\u00e1s peque\u00f1a.<\/p>\n","protected":false},"author":0,"featured_media":0,"comment_status":"","ping_status":"","sticky":false,"template":"","format":"standard","meta":{"footnotes":""},"categories":[1],"tags":[],"class_list":["post-51713","post","type-post","status-publish","format-standard","has-post-thumbnail","hentry","category-sin-categoria"],"_links":{"self":[{"href":"https:\/\/fmdelpueblo.ar\/index.php?rest_route=\/wp\/v2\/posts\/51713","targetHints":{"allow":["GET"]}}],"collection":[{"href":"https:\/\/fmdelpueblo.ar\/index.php?rest_route=\/wp\/v2\/posts"}],"about":[{"href":"https:\/\/fmdelpueblo.ar\/index.php?rest_route=\/wp\/v2\/types\/post"}],"replies":[{"embeddable":true,"href":"https:\/\/fmdelpueblo.ar\/index.php?rest_route=%2Fwp%2Fv2%2Fcomments&post=51713"}],"version-history":[{"count":0,"href":"https:\/\/fmdelpueblo.ar\/index.php?rest_route=\/wp\/v2\/posts\/51713\/revisions"}],"wp:attachment":[{"href":"https:\/\/fmdelpueblo.ar\/index.php?rest_route=%2Fwp%2Fv2%2Fmedia&parent=51713"}],"wp:term":[{"taxonomy":"category","embeddable":true,"href":"https:\/\/fmdelpueblo.ar\/index.php?rest_route=%2Fwp%2Fv2%2Fcategories&post=51713"},{"taxonomy":"post_tag","embeddable":true,"href":"https:\/\/fmdelpueblo.ar\/index.php?rest_route=%2Fwp%2Fv2%2Ftags&post=51713"}],"curies":[{"name":"wp","href":"https:\/\/api.w.org\/{rel}","templated":true}]}}