{"id":51712,"date":"2026-09-05T12:09:07","date_gmt":"2026-09-05T15:09:07","guid":{"rendered":"https:\/\/fmdelpueblo.ar\/?p=51712"},"modified":"2026-09-05T12:09:07","modified_gmt":"2026-09-05T15:09:07","slug":"lluvia-y-frio-polar-en-el-amba-que-dice-el-pronostico-para-este-fin-de-semana","status":"publish","type":"post","link":"https:\/\/fmdelpueblo.ar\/?p=51712","title":{"rendered":"\u00bfLluvia y fr\u00edo polar en el AMBA?: qu\u00e9 dice el pron\u00f3stico para este fin de semana"},"content":{"rendered":"<p>Si bien este s\u00e1bado amaneci\u00f3 con un sol a pleno sobre la Ciudad de Buenos Aires y sus alrededores, para las pr\u00f3ximas horas se espera un cambio de las condiciones clim\u00e1ticas.\u00bfQu\u00e9 dice el pron\u00f3stico del Servicio Meteorol\u00f3gico Nacional?<\/p>","protected":false},"excerpt":{"rendered":"<p>Si bien este s\u00e1bado amaneci\u00f3 con un sol a pleno sobre la Ciudad de Buenos Aires y sus alrededores, para las pr\u00f3ximas horas se espera un cambio de las condiciones clim\u00e1ticas.\u00bfQu\u00e9 dice el pron\u00f3stico del Servicio Meteorol\u00f3gico Nacional?<\/p>\n","protected":false},"author":0,"featured_media":0,"comment_status":"","ping_status":"","sticky":false,"template":"","format":"standard","meta":{"footnotes":""},"categories":[1],"tags":[],"class_list":["post-51712","post","type-post","status-publish","format-standard","has-post-thumbnail","hentry","category-sin-categoria"],"_links":{"self":[{"href":"https:\/\/fmdelpueblo.ar\/index.php?rest_route=\/wp\/v2\/posts\/51712","targetHints":{"allow":["GET"]}}],"collection":[{"href":"https:\/\/fmdelpueblo.ar\/index.php?rest_route=\/wp\/v2\/posts"}],"about":[{"href":"https:\/\/fmdelpueblo.ar\/index.php?rest_route=\/wp\/v2\/types\/post"}],"replies":[{"embeddable":true,"href":"https:\/\/fmdelpueblo.ar\/index.php?rest_route=%2Fwp%2Fv2%2Fcomments&post=51712"}],"version-history":[{"count":0,"href":"https:\/\/fmdelpueblo.ar\/index.php?rest_route=\/wp\/v2\/posts\/51712\/revisions"}],"wp:attachment":[{"href":"https:\/\/fmdelpueblo.ar\/index.php?rest_route=%2Fwp%2Fv2%2Fmedia&parent=51712"}],"wp:term":[{"taxonomy":"category","embeddable":true,"href":"https:\/\/fmdelpueblo.ar\/index.php?rest_route=%2Fwp%2Fv2%2Fcategories&post=51712"},{"taxonomy":"post_tag","embeddable":true,"href":"https:\/\/fmdelpueblo.ar\/index.php?rest_route=%2Fwp%2Fv2%2Ftags&post=51712"}],"curies":[{"name":"wp","href":"https:\/\/api.w.org\/{rel}","templated":true}]}}