{"id":51695,"date":"2026-09-05T10:08:57","date_gmt":"2026-09-05T13:08:57","guid":{"rendered":"https:\/\/fmdelpueblo.ar\/?p=51695"},"modified":"2026-09-05T10:08:57","modified_gmt":"2026-09-05T13:08:57","slug":"javier-milei-y-sus-medidas-en-vivo-tierra-del-fuego-no-puede-ser-moneda-de-cambio-por-malvinas-la-advertencia-al-presidente-desde-el-parlasur","status":"publish","type":"post","link":"https:\/\/fmdelpueblo.ar\/?p=51695","title":{"rendered":"Javier Milei y sus medidas, EN VIVO: \u00abTierra del Fuego no puede ser moneda de cambio por Malvinas\u00bb, la advertencia al Presidente desde el Parlasur"},"content":{"rendered":"<p>El parlamentario Alejandro Deanes, del Frente Renovador, cuestion\u00f3 el uso del reclamo por las islas para justificar acuerdos militares con potencias extranjeras.Segu\u00ed todas las novedades sobre las medidas del gobierno de Javier Milei en la cobertura minuto a minuto de Clar\u00edn. <\/p>","protected":false},"excerpt":{"rendered":"<p>El parlamentario Alejandro Deanes, del Frente Renovador, cuestion\u00f3 el uso del reclamo por las islas para justificar acuerdos militares con potencias extranjeras.Segu\u00ed todas las novedades sobre las medidas del gobierno de Javier Milei en la cobertura minuto a minuto de Clar\u00edn.<\/p>\n","protected":false},"author":0,"featured_media":0,"comment_status":"","ping_status":"","sticky":false,"template":"","format":"standard","meta":{"footnotes":""},"categories":[1],"tags":[],"class_list":["post-51695","post","type-post","status-publish","format-standard","has-post-thumbnail","hentry","category-sin-categoria"],"_links":{"self":[{"href":"https:\/\/fmdelpueblo.ar\/index.php?rest_route=\/wp\/v2\/posts\/51695","targetHints":{"allow":["GET"]}}],"collection":[{"href":"https:\/\/fmdelpueblo.ar\/index.php?rest_route=\/wp\/v2\/posts"}],"about":[{"href":"https:\/\/fmdelpueblo.ar\/index.php?rest_route=\/wp\/v2\/types\/post"}],"replies":[{"embeddable":true,"href":"https:\/\/fmdelpueblo.ar\/index.php?rest_route=%2Fwp%2Fv2%2Fcomments&post=51695"}],"version-history":[{"count":0,"href":"https:\/\/fmdelpueblo.ar\/index.php?rest_route=\/wp\/v2\/posts\/51695\/revisions"}],"wp:attachment":[{"href":"https:\/\/fmdelpueblo.ar\/index.php?rest_route=%2Fwp%2Fv2%2Fmedia&parent=51695"}],"wp:term":[{"taxonomy":"category","embeddable":true,"href":"https:\/\/fmdelpueblo.ar\/index.php?rest_route=%2Fwp%2Fv2%2Fcategories&post=51695"},{"taxonomy":"post_tag","embeddable":true,"href":"https:\/\/fmdelpueblo.ar\/index.php?rest_route=%2Fwp%2Fv2%2Ftags&post=51695"}],"curies":[{"name":"wp","href":"https:\/\/api.w.org\/{rel}","templated":true}]}}