{"id":51690,"date":"2026-09-05T09:09:09","date_gmt":"2026-09-05T12:09:09","guid":{"rendered":"https:\/\/fmdelpueblo.ar\/?p=51690"},"modified":"2026-09-05T09:09:09","modified_gmt":"2026-09-05T12:09:09","slug":"iran-acusa-a-eeuu-de-atacar-un-petrolero-cerca-de-la-isla-kharg-y-otras-noticias-de-oriente-medio","status":"publish","type":"post","link":"https:\/\/fmdelpueblo.ar\/?p=51690","title":{"rendered":"Ir\u00e1n acusa a EEUU de atacar un petrolero cerca de la isla Kharg y otras noticias de Oriente Medio"},"content":{"rendered":"<p>Ir\u00e1n denuncia que un petrolero fue impactado por misiles cerca de Kharg. Sin pruebas ni declaraciones oficiales, la tripulaci\u00f3n fue evacuada sin v\u00edctimas.La isla, clave para el crudo iran\u00ed, ha sido blanco repetido en el conflicto. El incidente sigue a recientes ataques de EE.UU. en la regi\u00f3n.<\/p>","protected":false},"excerpt":{"rendered":"<p>Ir\u00e1n denuncia que un petrolero fue impactado por misiles cerca de Kharg. Sin pruebas ni declaraciones oficiales, la tripulaci\u00f3n fue evacuada sin v\u00edctimas.La isla, clave para el crudo iran\u00ed, ha sido blanco repetido en el conflicto. El incidente sigue a recientes ataques de EE.UU. en la regi\u00f3n.<\/p>\n","protected":false},"author":0,"featured_media":0,"comment_status":"","ping_status":"","sticky":false,"template":"","format":"standard","meta":{"footnotes":""},"categories":[1],"tags":[],"class_list":["post-51690","post","type-post","status-publish","format-standard","has-post-thumbnail","hentry","category-sin-categoria"],"_links":{"self":[{"href":"https:\/\/fmdelpueblo.ar\/index.php?rest_route=\/wp\/v2\/posts\/51690","targetHints":{"allow":["GET"]}}],"collection":[{"href":"https:\/\/fmdelpueblo.ar\/index.php?rest_route=\/wp\/v2\/posts"}],"about":[{"href":"https:\/\/fmdelpueblo.ar\/index.php?rest_route=\/wp\/v2\/types\/post"}],"replies":[{"embeddable":true,"href":"https:\/\/fmdelpueblo.ar\/index.php?rest_route=%2Fwp%2Fv2%2Fcomments&post=51690"}],"version-history":[{"count":0,"href":"https:\/\/fmdelpueblo.ar\/index.php?rest_route=\/wp\/v2\/posts\/51690\/revisions"}],"wp:attachment":[{"href":"https:\/\/fmdelpueblo.ar\/index.php?rest_route=%2Fwp%2Fv2%2Fmedia&parent=51690"}],"wp:term":[{"taxonomy":"category","embeddable":true,"href":"https:\/\/fmdelpueblo.ar\/index.php?rest_route=%2Fwp%2Fv2%2Fcategories&post=51690"},{"taxonomy":"post_tag","embeddable":true,"href":"https:\/\/fmdelpueblo.ar\/index.php?rest_route=%2Fwp%2Fv2%2Ftags&post=51690"}],"curies":[{"name":"wp","href":"https:\/\/api.w.org\/{rel}","templated":true}]}}