{"id":51689,"date":"2026-09-05T09:09:09","date_gmt":"2026-09-05T12:09:09","guid":{"rendered":"https:\/\/fmdelpueblo.ar\/?p=51689"},"modified":"2026-09-05T09:09:09","modified_gmt":"2026-09-05T12:09:09","slug":"tornado-el-famoso-caballo-de-el-zorro-usaba-dobles-y-se-tenia-con-koleston","status":"publish","type":"post","link":"https:\/\/fmdelpueblo.ar\/?p=51689","title":{"rendered":"Tornado, el famoso caballo de El Zorro, usaba dobles y se te\u00f1\u00eda con Koleston"},"content":{"rendered":"<p>El corcel, que no era el que sal\u00eda con la luna, era propiedad de Walt Disney.Diamond Decorator -nombre de azulejos de ba\u00f1o-, era el caballo comprado especialmente para la serie.<\/p>","protected":false},"excerpt":{"rendered":"<p>El corcel, que no era el que sal\u00eda con la luna, era propiedad de Walt Disney.Diamond Decorator -nombre de azulejos de ba\u00f1o-, era el caballo comprado especialmente para la serie.<\/p>\n","protected":false},"author":0,"featured_media":0,"comment_status":"","ping_status":"","sticky":false,"template":"","format":"standard","meta":{"footnotes":""},"categories":[1],"tags":[],"class_list":["post-51689","post","type-post","status-publish","format-standard","has-post-thumbnail","hentry","category-sin-categoria"],"_links":{"self":[{"href":"https:\/\/fmdelpueblo.ar\/index.php?rest_route=\/wp\/v2\/posts\/51689","targetHints":{"allow":["GET"]}}],"collection":[{"href":"https:\/\/fmdelpueblo.ar\/index.php?rest_route=\/wp\/v2\/posts"}],"about":[{"href":"https:\/\/fmdelpueblo.ar\/index.php?rest_route=\/wp\/v2\/types\/post"}],"replies":[{"embeddable":true,"href":"https:\/\/fmdelpueblo.ar\/index.php?rest_route=%2Fwp%2Fv2%2Fcomments&post=51689"}],"version-history":[{"count":0,"href":"https:\/\/fmdelpueblo.ar\/index.php?rest_route=\/wp\/v2\/posts\/51689\/revisions"}],"wp:attachment":[{"href":"https:\/\/fmdelpueblo.ar\/index.php?rest_route=%2Fwp%2Fv2%2Fmedia&parent=51689"}],"wp:term":[{"taxonomy":"category","embeddable":true,"href":"https:\/\/fmdelpueblo.ar\/index.php?rest_route=%2Fwp%2Fv2%2Fcategories&post=51689"},{"taxonomy":"post_tag","embeddable":true,"href":"https:\/\/fmdelpueblo.ar\/index.php?rest_route=%2Fwp%2Fv2%2Ftags&post=51689"}],"curies":[{"name":"wp","href":"https:\/\/api.w.org\/{rel}","templated":true}]}}