{"id":51662,"date":"2026-09-05T06:08:57","date_gmt":"2026-09-05T09:08:57","guid":{"rendered":"http:\/\/fmdelpueblo.ar\/?p=51662"},"modified":"2026-09-05T06:08:57","modified_gmt":"2026-09-05T09:08:57","slug":"eeuu-busca-impulsar-la-paz-en-el-cuerno-de-africa-y-sus-vinculos-comerciales-con-etiopia","status":"publish","type":"post","link":"https:\/\/fmdelpueblo.ar\/?p=51662","title":{"rendered":"EEUU busca impulsar la paz en el Cuerno de \u00c1frica y sus v\u00ednculos comerciales con Etiop\u00eda"},"content":{"rendered":"<p>El subsecretario de EE.UU. visit\u00f3 Etiop\u00eda para fortalecer lazos comerciales y discutir la paz regional. Destac\u00f3 el nuevo aeropuerto y la mina de litio.En su gira, tambi\u00e9n trat\u00f3 temas de estabilidad en Sud\u00e1n y cooperaci\u00f3n con la Uni\u00f3n Africana. Pr\u00f3ximamente se dirigir\u00e1 a Kenia.<\/p>","protected":false},"excerpt":{"rendered":"<p>El subsecretario de EE.UU. visit\u00f3 Etiop\u00eda para fortalecer lazos comerciales y discutir la paz regional. Destac\u00f3 el nuevo aeropuerto y la mina de litio.En su gira, tambi\u00e9n trat\u00f3 temas de estabilidad en Sud\u00e1n y cooperaci\u00f3n con la Uni\u00f3n Africana. Pr\u00f3ximamente se dirigir\u00e1 a Kenia.<\/p>\n","protected":false},"author":0,"featured_media":0,"comment_status":"","ping_status":"","sticky":false,"template":"","format":"standard","meta":{"footnotes":""},"categories":[1],"tags":[],"class_list":["post-51662","post","type-post","status-publish","format-standard","has-post-thumbnail","hentry","category-sin-categoria"],"_links":{"self":[{"href":"https:\/\/fmdelpueblo.ar\/index.php?rest_route=\/wp\/v2\/posts\/51662","targetHints":{"allow":["GET"]}}],"collection":[{"href":"https:\/\/fmdelpueblo.ar\/index.php?rest_route=\/wp\/v2\/posts"}],"about":[{"href":"https:\/\/fmdelpueblo.ar\/index.php?rest_route=\/wp\/v2\/types\/post"}],"replies":[{"embeddable":true,"href":"https:\/\/fmdelpueblo.ar\/index.php?rest_route=%2Fwp%2Fv2%2Fcomments&post=51662"}],"version-history":[{"count":0,"href":"https:\/\/fmdelpueblo.ar\/index.php?rest_route=\/wp\/v2\/posts\/51662\/revisions"}],"wp:attachment":[{"href":"https:\/\/fmdelpueblo.ar\/index.php?rest_route=%2Fwp%2Fv2%2Fmedia&parent=51662"}],"wp:term":[{"taxonomy":"category","embeddable":true,"href":"https:\/\/fmdelpueblo.ar\/index.php?rest_route=%2Fwp%2Fv2%2Fcategories&post=51662"},{"taxonomy":"post_tag","embeddable":true,"href":"https:\/\/fmdelpueblo.ar\/index.php?rest_route=%2Fwp%2Fv2%2Ftags&post=51662"}],"curies":[{"name":"wp","href":"https:\/\/api.w.org\/{rel}","templated":true}]}}