{"id":51659,"date":"2026-09-05T06:08:55","date_gmt":"2026-09-05T09:08:55","guid":{"rendered":"http:\/\/fmdelpueblo.ar\/?p=51659"},"modified":"2026-09-05T06:08:55","modified_gmt":"2026-09-05T09:08:55","slug":"confirmado-por-el-gobierno-de-texas-la-amenaza-del-gusano-barrenador-reaviva-los-viejos-temores-de-los-ganaderos-al-sur-de-texas","status":"publish","type":"post","link":"https:\/\/fmdelpueblo.ar\/?p=51659","title":{"rendered":"Confirmado por el gobierno de Texas | La amenaza del gusano barrenador reaviva los viejos temores de los ganaderos al sur de Texas"},"content":{"rendered":"<p>Desde que Texas confirm\u00f3 en junio el primer caso, la preocupaci\u00f3n aumenta por la presencia de este par\u00e1sito que afecta al ganado, las mascotas, la fauna silvestre y, en casos raros, a las personas.<\/p>","protected":false},"excerpt":{"rendered":"<p>Desde que Texas confirm\u00f3 en junio el primer caso, la preocupaci\u00f3n aumenta por la presencia de este par\u00e1sito que afecta al ganado, las mascotas, la fauna silvestre y, en casos raros, a las personas.<\/p>\n","protected":false},"author":0,"featured_media":0,"comment_status":"","ping_status":"","sticky":false,"template":"","format":"standard","meta":{"footnotes":""},"categories":[1],"tags":[],"class_list":["post-51659","post","type-post","status-publish","format-standard","has-post-thumbnail","hentry","category-sin-categoria"],"_links":{"self":[{"href":"https:\/\/fmdelpueblo.ar\/index.php?rest_route=\/wp\/v2\/posts\/51659","targetHints":{"allow":["GET"]}}],"collection":[{"href":"https:\/\/fmdelpueblo.ar\/index.php?rest_route=\/wp\/v2\/posts"}],"about":[{"href":"https:\/\/fmdelpueblo.ar\/index.php?rest_route=\/wp\/v2\/types\/post"}],"replies":[{"embeddable":true,"href":"https:\/\/fmdelpueblo.ar\/index.php?rest_route=%2Fwp%2Fv2%2Fcomments&post=51659"}],"version-history":[{"count":0,"href":"https:\/\/fmdelpueblo.ar\/index.php?rest_route=\/wp\/v2\/posts\/51659\/revisions"}],"wp:attachment":[{"href":"https:\/\/fmdelpueblo.ar\/index.php?rest_route=%2Fwp%2Fv2%2Fmedia&parent=51659"}],"wp:term":[{"taxonomy":"category","embeddable":true,"href":"https:\/\/fmdelpueblo.ar\/index.php?rest_route=%2Fwp%2Fv2%2Fcategories&post=51659"},{"taxonomy":"post_tag","embeddable":true,"href":"https:\/\/fmdelpueblo.ar\/index.php?rest_route=%2Fwp%2Fv2%2Ftags&post=51659"}],"curies":[{"name":"wp","href":"https:\/\/api.w.org\/{rel}","templated":true}]}}