{"id":51657,"date":"2026-09-05T06:08:54","date_gmt":"2026-09-05T09:08:54","guid":{"rendered":"http:\/\/fmdelpueblo.ar\/?p=51657"},"modified":"2026-09-05T06:08:54","modified_gmt":"2026-09-05T09:08:54","slug":"tengo-huerto-y-animales-y-controlo-que-lo-que-como-es-sano-crear-una-vida-mas-autosuficiente-en-el-campo-lejos-del-estres-de-la-ciudad","status":"publish","type":"post","link":"https:\/\/fmdelpueblo.ar\/?p=51657","title":{"rendered":"\u201cTengo huerto y animales, y controlo que lo que como es sano\u201d: crear una vida m\u00e1s autosuficiente en el campo, lejos del estr\u00e9s de la ciudad"},"content":{"rendered":"<p>Con solo 18 a\u00f1os, Arnau Moldero decidi\u00f3 dejar Barcelona y mudarse al campo.<\/p>","protected":false},"excerpt":{"rendered":"<p>Con solo 18 a\u00f1os, Arnau Moldero decidi\u00f3 dejar Barcelona y mudarse al campo.<\/p>\n","protected":false},"author":0,"featured_media":0,"comment_status":"","ping_status":"","sticky":false,"template":"","format":"standard","meta":{"footnotes":""},"categories":[1],"tags":[],"class_list":["post-51657","post","type-post","status-publish","format-standard","has-post-thumbnail","hentry","category-sin-categoria"],"_links":{"self":[{"href":"https:\/\/fmdelpueblo.ar\/index.php?rest_route=\/wp\/v2\/posts\/51657","targetHints":{"allow":["GET"]}}],"collection":[{"href":"https:\/\/fmdelpueblo.ar\/index.php?rest_route=\/wp\/v2\/posts"}],"about":[{"href":"https:\/\/fmdelpueblo.ar\/index.php?rest_route=\/wp\/v2\/types\/post"}],"replies":[{"embeddable":true,"href":"https:\/\/fmdelpueblo.ar\/index.php?rest_route=%2Fwp%2Fv2%2Fcomments&post=51657"}],"version-history":[{"count":0,"href":"https:\/\/fmdelpueblo.ar\/index.php?rest_route=\/wp\/v2\/posts\/51657\/revisions"}],"wp:attachment":[{"href":"https:\/\/fmdelpueblo.ar\/index.php?rest_route=%2Fwp%2Fv2%2Fmedia&parent=51657"}],"wp:term":[{"taxonomy":"category","embeddable":true,"href":"https:\/\/fmdelpueblo.ar\/index.php?rest_route=%2Fwp%2Fv2%2Fcategories&post=51657"},{"taxonomy":"post_tag","embeddable":true,"href":"https:\/\/fmdelpueblo.ar\/index.php?rest_route=%2Fwp%2Fv2%2Ftags&post=51657"}],"curies":[{"name":"wp","href":"https:\/\/api.w.org\/{rel}","templated":true}]}}