{"id":51655,"date":"2026-09-05T05:09:14","date_gmt":"2026-09-05T08:09:14","guid":{"rendered":"http:\/\/fmdelpueblo.ar\/?p=51655"},"modified":"2026-09-05T05:09:14","modified_gmt":"2026-09-05T08:09:14","slug":"los-pastizales-utilizados-durante-40-anos-se-degradaron-tanto-que-las-plantas-de-pimienta-negra-murieron-pero-el-productor-cambio-su-inversion-al-cacao-recupero-el-area-y-comenzo-a-cosechar-almendra","status":"publish","type":"post","link":"https:\/\/fmdelpueblo.ar\/?p=51655","title":{"rendered":"Los pastizales utilizados durante 40 a\u00f1os se degradaron tanto que las plantas de pimienta negra murieron, pero el productor cambi\u00f3 su inversi\u00f3n al cacao, recuper\u00f3 el \u00e1rea y comenz\u00f3 a cosechar almendras premiadas, mientras prepara la finca para alcanzar las 50 hect\u00e1reas productivas"},"content":{"rendered":"<p>Una zona utilizada durante cuatro d\u00e9cadas para la ganader\u00eda qued\u00f3 tan degradada que una plantaci\u00f3n de pimienta negra no logr\u00f3 sobrevivir.<\/p>","protected":false},"excerpt":{"rendered":"<p>Una zona utilizada durante cuatro d\u00e9cadas para la ganader\u00eda qued\u00f3 tan degradada que una plantaci\u00f3n de pimienta negra no logr\u00f3 sobrevivir.<\/p>\n","protected":false},"author":0,"featured_media":0,"comment_status":"","ping_status":"","sticky":false,"template":"","format":"standard","meta":{"footnotes":""},"categories":[1],"tags":[],"class_list":["post-51655","post","type-post","status-publish","format-standard","has-post-thumbnail","hentry","category-sin-categoria"],"_links":{"self":[{"href":"https:\/\/fmdelpueblo.ar\/index.php?rest_route=\/wp\/v2\/posts\/51655","targetHints":{"allow":["GET"]}}],"collection":[{"href":"https:\/\/fmdelpueblo.ar\/index.php?rest_route=\/wp\/v2\/posts"}],"about":[{"href":"https:\/\/fmdelpueblo.ar\/index.php?rest_route=\/wp\/v2\/types\/post"}],"replies":[{"embeddable":true,"href":"https:\/\/fmdelpueblo.ar\/index.php?rest_route=%2Fwp%2Fv2%2Fcomments&post=51655"}],"version-history":[{"count":0,"href":"https:\/\/fmdelpueblo.ar\/index.php?rest_route=\/wp\/v2\/posts\/51655\/revisions"}],"wp:attachment":[{"href":"https:\/\/fmdelpueblo.ar\/index.php?rest_route=%2Fwp%2Fv2%2Fmedia&parent=51655"}],"wp:term":[{"taxonomy":"category","embeddable":true,"href":"https:\/\/fmdelpueblo.ar\/index.php?rest_route=%2Fwp%2Fv2%2Fcategories&post=51655"},{"taxonomy":"post_tag","embeddable":true,"href":"https:\/\/fmdelpueblo.ar\/index.php?rest_route=%2Fwp%2Fv2%2Ftags&post=51655"}],"curies":[{"name":"wp","href":"https:\/\/api.w.org\/{rel}","templated":true}]}}