{"id":51652,"date":"2026-09-05T05:09:12","date_gmt":"2026-09-05T08:09:12","guid":{"rendered":"http:\/\/fmdelpueblo.ar\/?p=51652"},"modified":"2026-09-05T05:09:12","modified_gmt":"2026-09-05T08:09:12","slug":"sonsoles-onega-48-anos-vengo-de-una-familia-de-abuelos-muy-humildes-y-de-un-padre-que-ha-estado-muy-arriba-y-muy-abajo-en-esta-profesion-y-en-casa-no-alaban-mucho-nuestras-bondades","status":"publish","type":"post","link":"https:\/\/fmdelpueblo.ar\/?p=51652","title":{"rendered":"Sonsoles \u00d3nega, 48 a\u00f1os: \u00abVengo de una familia de abuelos muy humildes y de un padre que ha estado muy arriba y muy abajo en esta profesi\u00f3n. Y en casa no alaban mucho nuestras bondades\u00bb"},"content":{"rendered":"<p>La periodista y escritora espa\u00f1ola habl\u00f3 de su infancia en la aldea de Mosteiro.C\u00f3mo transform\u00f3 las cr\u00edticas a su exitosa novela, \u00abLas hijas de la criada\u00bb, y el dolor por la muerte de su padre, Fernando \u00d3nega.<\/p>","protected":false},"excerpt":{"rendered":"<p>La periodista y escritora espa\u00f1ola habl\u00f3 de su infancia en la aldea de Mosteiro.C\u00f3mo transform\u00f3 las cr\u00edticas a su exitosa novela, \u00abLas hijas de la criada\u00bb, y el dolor por la muerte de su padre, Fernando \u00d3nega.<\/p>\n","protected":false},"author":0,"featured_media":0,"comment_status":"","ping_status":"","sticky":false,"template":"","format":"standard","meta":{"footnotes":""},"categories":[1],"tags":[],"class_list":["post-51652","post","type-post","status-publish","format-standard","has-post-thumbnail","hentry","category-sin-categoria"],"_links":{"self":[{"href":"https:\/\/fmdelpueblo.ar\/index.php?rest_route=\/wp\/v2\/posts\/51652","targetHints":{"allow":["GET"]}}],"collection":[{"href":"https:\/\/fmdelpueblo.ar\/index.php?rest_route=\/wp\/v2\/posts"}],"about":[{"href":"https:\/\/fmdelpueblo.ar\/index.php?rest_route=\/wp\/v2\/types\/post"}],"replies":[{"embeddable":true,"href":"https:\/\/fmdelpueblo.ar\/index.php?rest_route=%2Fwp%2Fv2%2Fcomments&post=51652"}],"version-history":[{"count":0,"href":"https:\/\/fmdelpueblo.ar\/index.php?rest_route=\/wp\/v2\/posts\/51652\/revisions"}],"wp:attachment":[{"href":"https:\/\/fmdelpueblo.ar\/index.php?rest_route=%2Fwp%2Fv2%2Fmedia&parent=51652"}],"wp:term":[{"taxonomy":"category","embeddable":true,"href":"https:\/\/fmdelpueblo.ar\/index.php?rest_route=%2Fwp%2Fv2%2Fcategories&post=51652"},{"taxonomy":"post_tag","embeddable":true,"href":"https:\/\/fmdelpueblo.ar\/index.php?rest_route=%2Fwp%2Fv2%2Ftags&post=51652"}],"curies":[{"name":"wp","href":"https:\/\/api.w.org\/{rel}","templated":true}]}}