{"id":51650,"date":"2026-09-05T05:09:11","date_gmt":"2026-09-05T08:09:11","guid":{"rendered":"http:\/\/fmdelpueblo.ar\/?p=51650"},"modified":"2026-09-05T05:09:11","modified_gmt":"2026-09-05T08:09:11","slug":"gabriel-garcia-de-oro-filosofo-y-coach-vivimos-bajo-la-obligacion-del-optimismo-estamos-obsesionados-con-la-busqueda-de-resultados-inmediatos-y-positivos-y-eso-nos-deja-sin-espacio-para-r","status":"publish","type":"post","link":"https:\/\/fmdelpueblo.ar\/?p=51650","title":{"rendered":"Gabriel Garc\u00eda de Oro, fil\u00f3sofo y coach: \u201cVivimos bajo la obligaci\u00f3n del optimismo, estamos obsesionados con la b\u00fasqueda de resultados inmediatos y positivos, y eso nos deja sin espacio para reflexionar\u201d"},"content":{"rendered":"<p>En un art\u00edculo publicado en &#8216;Cuerpomente&#8217;, el fil\u00f3sofo y coach Gabriel Garc\u00eda de Oro realiza una l\u00facida distinci\u00f3n entre dos conceptos que a menudo confundimos: optimismo y esperanza.<\/p>","protected":false},"excerpt":{"rendered":"<p>En un art\u00edculo publicado en &#8216;Cuerpomente&#8217;, el fil\u00f3sofo y coach Gabriel Garc\u00eda de Oro realiza una l\u00facida distinci\u00f3n entre dos conceptos que a menudo confundimos: optimismo y esperanza.<\/p>\n","protected":false},"author":0,"featured_media":0,"comment_status":"","ping_status":"","sticky":false,"template":"","format":"standard","meta":{"footnotes":""},"categories":[1],"tags":[],"class_list":["post-51650","post","type-post","status-publish","format-standard","has-post-thumbnail","hentry","category-sin-categoria"],"_links":{"self":[{"href":"https:\/\/fmdelpueblo.ar\/index.php?rest_route=\/wp\/v2\/posts\/51650","targetHints":{"allow":["GET"]}}],"collection":[{"href":"https:\/\/fmdelpueblo.ar\/index.php?rest_route=\/wp\/v2\/posts"}],"about":[{"href":"https:\/\/fmdelpueblo.ar\/index.php?rest_route=\/wp\/v2\/types\/post"}],"replies":[{"embeddable":true,"href":"https:\/\/fmdelpueblo.ar\/index.php?rest_route=%2Fwp%2Fv2%2Fcomments&post=51650"}],"version-history":[{"count":0,"href":"https:\/\/fmdelpueblo.ar\/index.php?rest_route=\/wp\/v2\/posts\/51650\/revisions"}],"wp:attachment":[{"href":"https:\/\/fmdelpueblo.ar\/index.php?rest_route=%2Fwp%2Fv2%2Fmedia&parent=51650"}],"wp:term":[{"taxonomy":"category","embeddable":true,"href":"https:\/\/fmdelpueblo.ar\/index.php?rest_route=%2Fwp%2Fv2%2Fcategories&post=51650"},{"taxonomy":"post_tag","embeddable":true,"href":"https:\/\/fmdelpueblo.ar\/index.php?rest_route=%2Fwp%2Fv2%2Ftags&post=51650"}],"curies":[{"name":"wp","href":"https:\/\/api.w.org\/{rel}","templated":true}]}}