{"id":51649,"date":"2026-09-05T05:09:10","date_gmt":"2026-09-05T08:09:10","guid":{"rendered":"http:\/\/fmdelpueblo.ar\/?p=51649"},"modified":"2026-09-05T05:09:10","modified_gmt":"2026-09-05T08:09:10","slug":"gano-togo-festeja-africa-y-ee-uu-habla-de-burla-la-onu-adopto-una-reforma-clave-en-la-cartografia-y-presento-su-nuevo-mapa-del-mundo","status":"publish","type":"post","link":"https:\/\/fmdelpueblo.ar\/?p=51649","title":{"rendered":"Gan\u00f3 Togo, festeja \u00c1frica y EE.UU. habla de \u00abburla\u00bb: la ONU adopt\u00f3 una reforma clave en la cartograf\u00eda y present\u00f3 su nuevo mapa del mundo"},"content":{"rendered":"<p>Las Naciones Unidas abandonan la proyecci\u00f3n de Mercator, que ampl\u00eda artificialmente algunos territorios.Por que la delegaci\u00f3n de Washington fue la \u00fanica que vot\u00f3 en contra.<\/p>","protected":false},"excerpt":{"rendered":"<p>Las Naciones Unidas abandonan la proyecci\u00f3n de Mercator, que ampl\u00eda artificialmente algunos territorios.Por que la delegaci\u00f3n de Washington fue la \u00fanica que vot\u00f3 en contra.<\/p>\n","protected":false},"author":0,"featured_media":0,"comment_status":"","ping_status":"","sticky":false,"template":"","format":"standard","meta":{"footnotes":""},"categories":[1],"tags":[],"class_list":["post-51649","post","type-post","status-publish","format-standard","has-post-thumbnail","hentry","category-sin-categoria"],"_links":{"self":[{"href":"https:\/\/fmdelpueblo.ar\/index.php?rest_route=\/wp\/v2\/posts\/51649","targetHints":{"allow":["GET"]}}],"collection":[{"href":"https:\/\/fmdelpueblo.ar\/index.php?rest_route=\/wp\/v2\/posts"}],"about":[{"href":"https:\/\/fmdelpueblo.ar\/index.php?rest_route=\/wp\/v2\/types\/post"}],"replies":[{"embeddable":true,"href":"https:\/\/fmdelpueblo.ar\/index.php?rest_route=%2Fwp%2Fv2%2Fcomments&post=51649"}],"version-history":[{"count":0,"href":"https:\/\/fmdelpueblo.ar\/index.php?rest_route=\/wp\/v2\/posts\/51649\/revisions"}],"wp:attachment":[{"href":"https:\/\/fmdelpueblo.ar\/index.php?rest_route=%2Fwp%2Fv2%2Fmedia&parent=51649"}],"wp:term":[{"taxonomy":"category","embeddable":true,"href":"https:\/\/fmdelpueblo.ar\/index.php?rest_route=%2Fwp%2Fv2%2Fcategories&post=51649"},{"taxonomy":"post_tag","embeddable":true,"href":"https:\/\/fmdelpueblo.ar\/index.php?rest_route=%2Fwp%2Fv2%2Ftags&post=51649"}],"curies":[{"name":"wp","href":"https:\/\/api.w.org\/{rel}","templated":true}]}}