{"id":51648,"date":"2026-09-05T04:09:11","date_gmt":"2026-09-05T07:09:11","guid":{"rendered":"http:\/\/fmdelpueblo.ar\/?p=51648"},"modified":"2026-09-05T04:09:11","modified_gmt":"2026-09-05T07:09:11","slug":"murio-camilo-escalona-expresidente-del-partido-socialista-de-chile-a-los-71-anos","status":"publish","type":"post","link":"https:\/\/fmdelpueblo.ar\/?p=51648","title":{"rendered":"Muri\u00f3 Camilo Escalona, expresidente del Partido Socialista de Chile, a los 71 a\u00f1os"},"content":{"rendered":"<p>El presidente Jos\u00e9 Kast lo despidi\u00f3 en las redes sociales.Nunca ocup\u00f3 un cargo de ministro, ni fue candidato presidencial, vivi\u00f3 en el exilio tras el golpe.<\/p>","protected":false},"excerpt":{"rendered":"<p>El presidente Jos\u00e9 Kast lo despidi\u00f3 en las redes sociales.Nunca ocup\u00f3 un cargo de ministro, ni fue candidato presidencial, vivi\u00f3 en el exilio tras el golpe.<\/p>\n","protected":false},"author":0,"featured_media":0,"comment_status":"","ping_status":"","sticky":false,"template":"","format":"standard","meta":{"footnotes":""},"categories":[1],"tags":[],"class_list":["post-51648","post","type-post","status-publish","format-standard","has-post-thumbnail","hentry","category-sin-categoria"],"_links":{"self":[{"href":"https:\/\/fmdelpueblo.ar\/index.php?rest_route=\/wp\/v2\/posts\/51648","targetHints":{"allow":["GET"]}}],"collection":[{"href":"https:\/\/fmdelpueblo.ar\/index.php?rest_route=\/wp\/v2\/posts"}],"about":[{"href":"https:\/\/fmdelpueblo.ar\/index.php?rest_route=\/wp\/v2\/types\/post"}],"replies":[{"embeddable":true,"href":"https:\/\/fmdelpueblo.ar\/index.php?rest_route=%2Fwp%2Fv2%2Fcomments&post=51648"}],"version-history":[{"count":0,"href":"https:\/\/fmdelpueblo.ar\/index.php?rest_route=\/wp\/v2\/posts\/51648\/revisions"}],"wp:attachment":[{"href":"https:\/\/fmdelpueblo.ar\/index.php?rest_route=%2Fwp%2Fv2%2Fmedia&parent=51648"}],"wp:term":[{"taxonomy":"category","embeddable":true,"href":"https:\/\/fmdelpueblo.ar\/index.php?rest_route=%2Fwp%2Fv2%2Fcategories&post=51648"},{"taxonomy":"post_tag","embeddable":true,"href":"https:\/\/fmdelpueblo.ar\/index.php?rest_route=%2Fwp%2Fv2%2Ftags&post=51648"}],"curies":[{"name":"wp","href":"https:\/\/api.w.org\/{rel}","templated":true}]}}