{"id":51617,"date":"2026-09-05T00:08:57","date_gmt":"2026-09-05T03:08:57","guid":{"rendered":"http:\/\/fmdelpueblo.ar\/?p=51617"},"modified":"2026-09-05T00:08:57","modified_gmt":"2026-09-05T03:08:57","slug":"alejandro-dolina-recibio-el-doctorado-honoris-causa-de-la-uba-la-duda-es-la-vida","status":"publish","type":"post","link":"https:\/\/fmdelpueblo.ar\/?p=51617","title":{"rendered":"Alejandro Dolina recibi\u00f3 el doctorado Honoris Causa de la UBA: \u201cLa duda es la vida\u201d"},"content":{"rendered":"<p>La Universidad de Buenos Aires distingui\u00f3 a Alejandro Dolina por su trayectoria como escritor, m\u00fasico, pensador y referente de la cultura popular. Durante el acto, el homenajeado habl\u00f3 sobre el conocimiento, la amistad y la importancia de la universidad como espacio de intercambio y comuni\u00f3n. El reconocimiento termin\u00f3 con un emotivo discurso de Gabriel Rol\u00f3n y una ovaci\u00f3n para el nuevo doctor.<\/p>","protected":false},"excerpt":{"rendered":"<p>La Universidad de Buenos Aires distingui\u00f3 a Alejandro Dolina por su trayectoria como escritor, m\u00fasico, pensador y referente de la cultura popular. Durante el acto, el homenajeado habl\u00f3 sobre el conocimiento, la amistad y la importancia de la universidad como espacio de intercambio y comuni\u00f3n. El reconocimiento termin\u00f3 con un emotivo discurso de Gabriel Rol\u00f3n [&hellip;]<\/p>\n","protected":false},"author":0,"featured_media":0,"comment_status":"","ping_status":"","sticky":false,"template":"","format":"standard","meta":{"footnotes":""},"categories":[1],"tags":[],"class_list":["post-51617","post","type-post","status-publish","format-standard","has-post-thumbnail","hentry","category-sin-categoria"],"_links":{"self":[{"href":"https:\/\/fmdelpueblo.ar\/index.php?rest_route=\/wp\/v2\/posts\/51617","targetHints":{"allow":["GET"]}}],"collection":[{"href":"https:\/\/fmdelpueblo.ar\/index.php?rest_route=\/wp\/v2\/posts"}],"about":[{"href":"https:\/\/fmdelpueblo.ar\/index.php?rest_route=\/wp\/v2\/types\/post"}],"replies":[{"embeddable":true,"href":"https:\/\/fmdelpueblo.ar\/index.php?rest_route=%2Fwp%2Fv2%2Fcomments&post=51617"}],"version-history":[{"count":0,"href":"https:\/\/fmdelpueblo.ar\/index.php?rest_route=\/wp\/v2\/posts\/51617\/revisions"}],"wp:attachment":[{"href":"https:\/\/fmdelpueblo.ar\/index.php?rest_route=%2Fwp%2Fv2%2Fmedia&parent=51617"}],"wp:term":[{"taxonomy":"category","embeddable":true,"href":"https:\/\/fmdelpueblo.ar\/index.php?rest_route=%2Fwp%2Fv2%2Fcategories&post=51617"},{"taxonomy":"post_tag","embeddable":true,"href":"https:\/\/fmdelpueblo.ar\/index.php?rest_route=%2Fwp%2Fv2%2Ftags&post=51617"}],"curies":[{"name":"wp","href":"https:\/\/api.w.org\/{rel}","templated":true}]}}