{"id":51615,"date":"2026-09-05T00:08:56","date_gmt":"2026-09-05T03:08:56","guid":{"rendered":"http:\/\/fmdelpueblo.ar\/?p=51615"},"modified":"2026-09-05T00:08:56","modified_gmt":"2026-09-05T03:08:56","slug":"mortal-ataque-de-perros-peligrosos-dos-ninos-murieron-en-cordoba-tras-ser-mordidos-por-un-pitbull-y-un-par-de-dogos","status":"publish","type":"post","link":"https:\/\/fmdelpueblo.ar\/?p=51615","title":{"rendered":"Mortal ataque de perros peligrosos: dos ni\u00f1os murieron en C\u00f3rdoba tras ser mordidos por un pitbull y un par de dogos"},"content":{"rendered":"<p>La cruza gen\u00e9tica, la crianza y el entorno de estos canes siguen generando controversia as\u00ed como la falta de cuidados y cumplimiento de las leyes.En el barrio Cabildo de la capital cordobesa una nena falleci\u00f3 atacada por dos dogos.En Alta Gracia, un ni\u00f1o de dos a\u00f1os fue destrozado por un pitbull.<\/p>","protected":false},"excerpt":{"rendered":"<p>La cruza gen\u00e9tica, la crianza y el entorno de estos canes siguen generando controversia as\u00ed como la falta de cuidados y cumplimiento de las leyes.En el barrio Cabildo de la capital cordobesa una nena falleci\u00f3 atacada por dos dogos.En Alta Gracia, un ni\u00f1o de dos a\u00f1os fue destrozado por un pitbull.<\/p>\n","protected":false},"author":0,"featured_media":0,"comment_status":"","ping_status":"","sticky":false,"template":"","format":"standard","meta":{"footnotes":""},"categories":[1],"tags":[],"class_list":["post-51615","post","type-post","status-publish","format-standard","has-post-thumbnail","hentry","category-sin-categoria"],"_links":{"self":[{"href":"https:\/\/fmdelpueblo.ar\/index.php?rest_route=\/wp\/v2\/posts\/51615","targetHints":{"allow":["GET"]}}],"collection":[{"href":"https:\/\/fmdelpueblo.ar\/index.php?rest_route=\/wp\/v2\/posts"}],"about":[{"href":"https:\/\/fmdelpueblo.ar\/index.php?rest_route=\/wp\/v2\/types\/post"}],"replies":[{"embeddable":true,"href":"https:\/\/fmdelpueblo.ar\/index.php?rest_route=%2Fwp%2Fv2%2Fcomments&post=51615"}],"version-history":[{"count":0,"href":"https:\/\/fmdelpueblo.ar\/index.php?rest_route=\/wp\/v2\/posts\/51615\/revisions"}],"wp:attachment":[{"href":"https:\/\/fmdelpueblo.ar\/index.php?rest_route=%2Fwp%2Fv2%2Fmedia&parent=51615"}],"wp:term":[{"taxonomy":"category","embeddable":true,"href":"https:\/\/fmdelpueblo.ar\/index.php?rest_route=%2Fwp%2Fv2%2Fcategories&post=51615"},{"taxonomy":"post_tag","embeddable":true,"href":"https:\/\/fmdelpueblo.ar\/index.php?rest_route=%2Fwp%2Fv2%2Ftags&post=51615"}],"curies":[{"name":"wp","href":"https:\/\/api.w.org\/{rel}","templated":true}]}}