{"id":51604,"date":"2026-09-04T23:08:55","date_gmt":"2026-09-05T02:08:55","guid":{"rendered":"http:\/\/fmdelpueblo.ar\/?p=51604"},"modified":"2026-09-04T23:08:55","modified_gmt":"2026-09-05T02:08:55","slug":"agostina-hein-se-bajo-de-los-juegos-suramericanos-por-su-recuperacion-tras-una-operacion-de-apendicitis","status":"publish","type":"post","link":"https:\/\/fmdelpueblo.ar\/?p=51604","title":{"rendered":"Agostina Hein se baj\u00f3 de los Juegos Suramericanos por su recuperaci\u00f3n tras una operaci\u00f3n de apendicitis"},"content":{"rendered":"<p>La nadadora argentina, de 18 a\u00f1os, no competir\u00e1 en Rosario.Se recupera de una operaci\u00f3n de urgencia por apendicitis.Decidi\u00f3 respetar los tiempos m\u00e9dicos para evitar complicaciones.<\/p>","protected":false},"excerpt":{"rendered":"<p>La nadadora argentina, de 18 a\u00f1os, no competir\u00e1 en Rosario.Se recupera de una operaci\u00f3n de urgencia por apendicitis.Decidi\u00f3 respetar los tiempos m\u00e9dicos para evitar complicaciones.<\/p>\n","protected":false},"author":0,"featured_media":0,"comment_status":"","ping_status":"","sticky":false,"template":"","format":"standard","meta":{"footnotes":""},"categories":[1],"tags":[],"class_list":["post-51604","post","type-post","status-publish","format-standard","has-post-thumbnail","hentry","category-sin-categoria"],"_links":{"self":[{"href":"https:\/\/fmdelpueblo.ar\/index.php?rest_route=\/wp\/v2\/posts\/51604","targetHints":{"allow":["GET"]}}],"collection":[{"href":"https:\/\/fmdelpueblo.ar\/index.php?rest_route=\/wp\/v2\/posts"}],"about":[{"href":"https:\/\/fmdelpueblo.ar\/index.php?rest_route=\/wp\/v2\/types\/post"}],"replies":[{"embeddable":true,"href":"https:\/\/fmdelpueblo.ar\/index.php?rest_route=%2Fwp%2Fv2%2Fcomments&post=51604"}],"version-history":[{"count":0,"href":"https:\/\/fmdelpueblo.ar\/index.php?rest_route=\/wp\/v2\/posts\/51604\/revisions"}],"wp:attachment":[{"href":"https:\/\/fmdelpueblo.ar\/index.php?rest_route=%2Fwp%2Fv2%2Fmedia&parent=51604"}],"wp:term":[{"taxonomy":"category","embeddable":true,"href":"https:\/\/fmdelpueblo.ar\/index.php?rest_route=%2Fwp%2Fv2%2Fcategories&post=51604"},{"taxonomy":"post_tag","embeddable":true,"href":"https:\/\/fmdelpueblo.ar\/index.php?rest_route=%2Fwp%2Fv2%2Ftags&post=51604"}],"curies":[{"name":"wp","href":"https:\/\/api.w.org\/{rel}","templated":true}]}}