{"id":51602,"date":"2026-09-04T23:08:54","date_gmt":"2026-09-05T02:08:54","guid":{"rendered":"http:\/\/fmdelpueblo.ar\/?p=51602"},"modified":"2026-09-04T23:08:54","modified_gmt":"2026-09-05T02:08:54","slug":"llegan-a-ecuador-28-tripulantes-de-dos-embarcaciones-hundidas-por-ee-uu-en-altamar","status":"publish","type":"post","link":"https:\/\/fmdelpueblo.ar\/?p=51602","title":{"rendered":"Llegan a Ecuador 28 tripulantes de dos embarcaciones hundidas por EE.UU. en altamar"},"content":{"rendered":"<p>Veintiocho hombres de dos barcos, ligados a un grupo criminal, fueron detenidos en el Pac\u00edfico por fuerzas de EE.UU. en coordinaci\u00f3n con Ecuador.Familiares niegan v\u00ednculos criminales, afirmando que son pescadores. Exigen justicia mientras reclaman la desaparici\u00f3n de ocho colegas.<\/p>","protected":false},"excerpt":{"rendered":"<p>Veintiocho hombres de dos barcos, ligados a un grupo criminal, fueron detenidos en el Pac\u00edfico por fuerzas de EE.UU. en coordinaci\u00f3n con Ecuador.Familiares niegan v\u00ednculos criminales, afirmando que son pescadores. Exigen justicia mientras reclaman la desaparici\u00f3n de ocho colegas.<\/p>\n","protected":false},"author":0,"featured_media":0,"comment_status":"","ping_status":"","sticky":false,"template":"","format":"standard","meta":{"footnotes":""},"categories":[1],"tags":[],"class_list":["post-51602","post","type-post","status-publish","format-standard","has-post-thumbnail","hentry","category-sin-categoria"],"_links":{"self":[{"href":"https:\/\/fmdelpueblo.ar\/index.php?rest_route=\/wp\/v2\/posts\/51602","targetHints":{"allow":["GET"]}}],"collection":[{"href":"https:\/\/fmdelpueblo.ar\/index.php?rest_route=\/wp\/v2\/posts"}],"about":[{"href":"https:\/\/fmdelpueblo.ar\/index.php?rest_route=\/wp\/v2\/types\/post"}],"replies":[{"embeddable":true,"href":"https:\/\/fmdelpueblo.ar\/index.php?rest_route=%2Fwp%2Fv2%2Fcomments&post=51602"}],"version-history":[{"count":0,"href":"https:\/\/fmdelpueblo.ar\/index.php?rest_route=\/wp\/v2\/posts\/51602\/revisions"}],"wp:attachment":[{"href":"https:\/\/fmdelpueblo.ar\/index.php?rest_route=%2Fwp%2Fv2%2Fmedia&parent=51602"}],"wp:term":[{"taxonomy":"category","embeddable":true,"href":"https:\/\/fmdelpueblo.ar\/index.php?rest_route=%2Fwp%2Fv2%2Fcategories&post=51602"},{"taxonomy":"post_tag","embeddable":true,"href":"https:\/\/fmdelpueblo.ar\/index.php?rest_route=%2Fwp%2Fv2%2Ftags&post=51602"}],"curies":[{"name":"wp","href":"https:\/\/api.w.org\/{rel}","templated":true}]}}