{"id":51597,"date":"2026-09-04T22:09:02","date_gmt":"2026-09-05T01:09:02","guid":{"rendered":"http:\/\/fmdelpueblo.ar\/?p=51597"},"modified":"2026-09-04T22:09:02","modified_gmt":"2026-09-05T01:09:02","slug":"mexicano-admite-conspiracion-para-traficar-migrantes-a-eeuu-por-tunel-ligado-a-cartel","status":"publish","type":"post","link":"https:\/\/fmdelpueblo.ar\/?p=51597","title":{"rendered":"Mexicano admite conspiraci\u00f3n para traficar migrantes a EEUU por t\u00fanel ligado a cartel"},"content":{"rendered":"<p>Un hombre de 29 a\u00f1os admiti\u00f3 su culpabilidad en conspirar para traficar personas por un t\u00fanel subterr\u00e1neo entre M\u00e9xico y Texas. El pasadizo, vinculado a un cartel, cobraba altos montos a migrantes. Fue desmantelado tras interceptar llamadas clave.<\/p>","protected":false},"excerpt":{"rendered":"<p>Un hombre de 29 a\u00f1os admiti\u00f3 su culpabilidad en conspirar para traficar personas por un t\u00fanel subterr\u00e1neo entre M\u00e9xico y Texas. El pasadizo, vinculado a un cartel, cobraba altos montos a migrantes. Fue desmantelado tras interceptar llamadas clave.<\/p>\n","protected":false},"author":0,"featured_media":0,"comment_status":"","ping_status":"","sticky":false,"template":"","format":"standard","meta":{"footnotes":""},"categories":[1],"tags":[],"class_list":["post-51597","post","type-post","status-publish","format-standard","has-post-thumbnail","hentry","category-sin-categoria"],"_links":{"self":[{"href":"https:\/\/fmdelpueblo.ar\/index.php?rest_route=\/wp\/v2\/posts\/51597","targetHints":{"allow":["GET"]}}],"collection":[{"href":"https:\/\/fmdelpueblo.ar\/index.php?rest_route=\/wp\/v2\/posts"}],"about":[{"href":"https:\/\/fmdelpueblo.ar\/index.php?rest_route=\/wp\/v2\/types\/post"}],"replies":[{"embeddable":true,"href":"https:\/\/fmdelpueblo.ar\/index.php?rest_route=%2Fwp%2Fv2%2Fcomments&post=51597"}],"version-history":[{"count":0,"href":"https:\/\/fmdelpueblo.ar\/index.php?rest_route=\/wp\/v2\/posts\/51597\/revisions"}],"wp:attachment":[{"href":"https:\/\/fmdelpueblo.ar\/index.php?rest_route=%2Fwp%2Fv2%2Fmedia&parent=51597"}],"wp:term":[{"taxonomy":"category","embeddable":true,"href":"https:\/\/fmdelpueblo.ar\/index.php?rest_route=%2Fwp%2Fv2%2Fcategories&post=51597"},{"taxonomy":"post_tag","embeddable":true,"href":"https:\/\/fmdelpueblo.ar\/index.php?rest_route=%2Fwp%2Fv2%2Ftags&post=51597"}],"curies":[{"name":"wp","href":"https:\/\/api.w.org\/{rel}","templated":true}]}}