{"id":51595,"date":"2026-09-04T22:09:00","date_gmt":"2026-09-05T01:09:00","guid":{"rendered":"http:\/\/fmdelpueblo.ar\/?p=51595"},"modified":"2026-09-04T22:09:00","modified_gmt":"2026-09-05T01:09:00","slug":"no-llore-en-el-funeral-de-mi-padre-llore-un-mes-despues-cuando-marque-su-numero-por-costumbre-y-lo-deje-sonar-y-sonar-porque-el-timbre-se-parecia-mas-a-su-voz-que-cualquier-otra-cosa-que-me-queda-2","status":"publish","type":"post","link":"https:\/\/fmdelpueblo.ar\/?p=51595","title":{"rendered":"\u00abNo llor\u00e9 en el funeral de mi padre; llor\u00e9 un mes despu\u00e9s, cuando marqu\u00e9 su n\u00famero por costumbre y lo dej\u00e9 sonar y sonar, porque el timbre se parec\u00eda m\u00e1s a su voz que cualquier otra cosa que me quedara\u00bb"},"content":{"rendered":"<p>Una llamada cotidiana desencaden\u00f3 un llanto que no hab\u00eda aparecido durante el funeral.La neurociencia ofrece una explicaci\u00f3n para esa reacci\u00f3n inesperada.<\/p>","protected":false},"excerpt":{"rendered":"<p>Una llamada cotidiana desencaden\u00f3 un llanto que no hab\u00eda aparecido durante el funeral.La neurociencia ofrece una explicaci\u00f3n para esa reacci\u00f3n inesperada.<\/p>\n","protected":false},"author":0,"featured_media":0,"comment_status":"","ping_status":"","sticky":false,"template":"","format":"standard","meta":{"footnotes":""},"categories":[1],"tags":[],"class_list":["post-51595","post","type-post","status-publish","format-standard","has-post-thumbnail","hentry","category-sin-categoria"],"_links":{"self":[{"href":"https:\/\/fmdelpueblo.ar\/index.php?rest_route=\/wp\/v2\/posts\/51595","targetHints":{"allow":["GET"]}}],"collection":[{"href":"https:\/\/fmdelpueblo.ar\/index.php?rest_route=\/wp\/v2\/posts"}],"about":[{"href":"https:\/\/fmdelpueblo.ar\/index.php?rest_route=\/wp\/v2\/types\/post"}],"replies":[{"embeddable":true,"href":"https:\/\/fmdelpueblo.ar\/index.php?rest_route=%2Fwp%2Fv2%2Fcomments&post=51595"}],"version-history":[{"count":0,"href":"https:\/\/fmdelpueblo.ar\/index.php?rest_route=\/wp\/v2\/posts\/51595\/revisions"}],"wp:attachment":[{"href":"https:\/\/fmdelpueblo.ar\/index.php?rest_route=%2Fwp%2Fv2%2Fmedia&parent=51595"}],"wp:term":[{"taxonomy":"category","embeddable":true,"href":"https:\/\/fmdelpueblo.ar\/index.php?rest_route=%2Fwp%2Fv2%2Fcategories&post=51595"},{"taxonomy":"post_tag","embeddable":true,"href":"https:\/\/fmdelpueblo.ar\/index.php?rest_route=%2Fwp%2Fv2%2Ftags&post=51595"}],"curies":[{"name":"wp","href":"https:\/\/api.w.org\/{rel}","templated":true}]}}