{"id":51594,"date":"2026-09-04T22:09:00","date_gmt":"2026-09-05T01:09:00","guid":{"rendered":"http:\/\/fmdelpueblo.ar\/?p=51594"},"modified":"2026-09-04T22:09:00","modified_gmt":"2026-09-05T01:09:00","slug":"en-1982-un-tragico-accidente-aereo-marco-para-siempre-a-washington-y-cambio-los-protocolos-de-seguridad-de-la-aviacion-comercial-en-estados-unidos","status":"publish","type":"post","link":"https:\/\/fmdelpueblo.ar\/?p=51594","title":{"rendered":"En 1982, un tr\u00e1gico accidente a\u00e9reo marc\u00f3 para siempre a Washington y cambi\u00f3 los protocolos de seguridad de la aviaci\u00f3n comercial en Estados Unidos"},"content":{"rendered":"<p>El avi\u00f3n choc\u00f3 con un puente que cruza el r\u00edo Potomac en la capital Washington D. C..Hab\u00eda despegado pese al hielo y la nieve sobre las alas. Era un Boeing 737-200 y murieron 78 personas.<\/p>","protected":false},"excerpt":{"rendered":"<p>El avi\u00f3n choc\u00f3 con un puente que cruza el r\u00edo Potomac en la capital Washington D. C..Hab\u00eda despegado pese al hielo y la nieve sobre las alas. Era un Boeing 737-200 y murieron 78 personas.<\/p>\n","protected":false},"author":0,"featured_media":0,"comment_status":"","ping_status":"","sticky":false,"template":"","format":"standard","meta":{"footnotes":""},"categories":[1],"tags":[],"class_list":["post-51594","post","type-post","status-publish","format-standard","has-post-thumbnail","hentry","category-sin-categoria"],"_links":{"self":[{"href":"https:\/\/fmdelpueblo.ar\/index.php?rest_route=\/wp\/v2\/posts\/51594","targetHints":{"allow":["GET"]}}],"collection":[{"href":"https:\/\/fmdelpueblo.ar\/index.php?rest_route=\/wp\/v2\/posts"}],"about":[{"href":"https:\/\/fmdelpueblo.ar\/index.php?rest_route=\/wp\/v2\/types\/post"}],"replies":[{"embeddable":true,"href":"https:\/\/fmdelpueblo.ar\/index.php?rest_route=%2Fwp%2Fv2%2Fcomments&post=51594"}],"version-history":[{"count":0,"href":"https:\/\/fmdelpueblo.ar\/index.php?rest_route=\/wp\/v2\/posts\/51594\/revisions"}],"wp:attachment":[{"href":"https:\/\/fmdelpueblo.ar\/index.php?rest_route=%2Fwp%2Fv2%2Fmedia&parent=51594"}],"wp:term":[{"taxonomy":"category","embeddable":true,"href":"https:\/\/fmdelpueblo.ar\/index.php?rest_route=%2Fwp%2Fv2%2Fcategories&post=51594"},{"taxonomy":"post_tag","embeddable":true,"href":"https:\/\/fmdelpueblo.ar\/index.php?rest_route=%2Fwp%2Fv2%2Ftags&post=51594"}],"curies":[{"name":"wp","href":"https:\/\/api.w.org\/{rel}","templated":true}]}}