{"id":51593,"date":"2026-09-04T22:08:59","date_gmt":"2026-09-05T01:08:59","guid":{"rendered":"http:\/\/fmdelpueblo.ar\/?p=51593"},"modified":"2026-09-04T22:08:59","modified_gmt":"2026-09-05T01:08:59","slug":"un-busardo-colirrojo-rescatado-que-no-podia-volar-por-una-severa-lesion-volvio-a-su-habitat-natural-gracias-a-los-esfuerzos-de-una-organizacion-especializada","status":"publish","type":"post","link":"https:\/\/fmdelpueblo.ar\/?p=51593","title":{"rendered":"Un busardo colirrojo rescatado que no pod\u00eda volar por una severa lesi\u00f3n volvi\u00f3 a su h\u00e1bitat natural gracias a los esfuerzos de una organizaci\u00f3n especializada"},"content":{"rendered":"<p>Un ave rapaz hallada vulnerable retorn\u00f3 a la naturaleza tras un proceso de rehabilitaci\u00f3n.El caso sucedi\u00f3 en EE.UU.<\/p>","protected":false},"excerpt":{"rendered":"<p>Un ave rapaz hallada vulnerable retorn\u00f3 a la naturaleza tras un proceso de rehabilitaci\u00f3n.El caso sucedi\u00f3 en EE.UU.<\/p>\n","protected":false},"author":0,"featured_media":0,"comment_status":"","ping_status":"","sticky":false,"template":"","format":"standard","meta":{"footnotes":""},"categories":[1],"tags":[],"class_list":["post-51593","post","type-post","status-publish","format-standard","has-post-thumbnail","hentry","category-sin-categoria"],"_links":{"self":[{"href":"https:\/\/fmdelpueblo.ar\/index.php?rest_route=\/wp\/v2\/posts\/51593","targetHints":{"allow":["GET"]}}],"collection":[{"href":"https:\/\/fmdelpueblo.ar\/index.php?rest_route=\/wp\/v2\/posts"}],"about":[{"href":"https:\/\/fmdelpueblo.ar\/index.php?rest_route=\/wp\/v2\/types\/post"}],"replies":[{"embeddable":true,"href":"https:\/\/fmdelpueblo.ar\/index.php?rest_route=%2Fwp%2Fv2%2Fcomments&post=51593"}],"version-history":[{"count":0,"href":"https:\/\/fmdelpueblo.ar\/index.php?rest_route=\/wp\/v2\/posts\/51593\/revisions"}],"wp:attachment":[{"href":"https:\/\/fmdelpueblo.ar\/index.php?rest_route=%2Fwp%2Fv2%2Fmedia&parent=51593"}],"wp:term":[{"taxonomy":"category","embeddable":true,"href":"https:\/\/fmdelpueblo.ar\/index.php?rest_route=%2Fwp%2Fv2%2Fcategories&post=51593"},{"taxonomy":"post_tag","embeddable":true,"href":"https:\/\/fmdelpueblo.ar\/index.php?rest_route=%2Fwp%2Fv2%2Ftags&post=51593"}],"curies":[{"name":"wp","href":"https:\/\/api.w.org\/{rel}","templated":true}]}}